{"id":1435,"date":"2021-03-25T09:36:59","date_gmt":"2021-03-25T08:36:59","guid":{"rendered":"https:\/\/www.colegiocim.es\/mes-de-marzo-muy-entretenido\/"},"modified":"2021-03-26T13:30:57","modified_gmt":"2021-03-26T12:30:57","slug":"marzo-al-cim","status":"publish","type":"post","link":"https:\/\/colegiocim.es\/ca\/marzo-al-cim\/","title":{"rendered":"Mes de mar\u00e7 molt entretingut"},"content":{"rendered":"\n<h3 class=\"wp-block-heading\"><\/h3>\n\n<p>En primer lloc, hem rebut la visita dels nostres amics els cavalls, com un tastet del que ser\u00e0 la nostra pr\u00f2xima extraescolar d\u2019h\u00edpica. En tenim tots tantes ganes!<\/p>\n\n<figure class=\"wp-block-gallery columns-5 is-cropped wp-block-gallery-1 is-layout-flex wp-block-gallery-is-layout-flex\"><ul class=\"blocks-gallery-grid\"><li class=\"blocks-gallery-item\"><figure><img fetchpriority=\"high\" decoding=\"async\" width=\"1024\" height=\"683\" src=\"https:\/\/www.colegiocim.es\/wp-content\/uploads\/2021\/03\/IMG_1647-1024x683.jpg\" alt=\"\" data-id=\"1394\" data-link=\"https:\/\/www.colegiocim.es\/?attachment_id=1394\" class=\"wp-image-1394\" srcset=\"https:\/\/colegiocim.es\/wp-content\/uploads\/2021\/03\/IMG_1647-1024x683.jpg 1024w, https:\/\/colegiocim.es\/wp-content\/uploads\/2021\/03\/IMG_1647-300x200.jpg 300w, https:\/\/colegiocim.es\/wp-content\/uploads\/2021\/03\/IMG_1647-768x512.jpg 768w, https:\/\/colegiocim.es\/wp-content\/uploads\/2021\/03\/IMG_1647.jpg 1200w\" sizes=\"(max-width: 1024px) 100vw, 1024px\" \/><\/figure><\/li><li class=\"blocks-gallery-item\"><figure><img decoding=\"async\" width=\"1024\" height=\"683\" src=\"https:\/\/www.colegiocim.es\/wp-content\/uploads\/2021\/03\/IMG_1661-1024x683.jpg\" alt=\"\" data-id=\"1396\" data-full-url=\"https:\/\/www.colegiocim.es\/wp-content\/uploads\/2021\/03\/IMG_1661.jpg\" data-link=\"https:\/\/www.colegiocim.es\/?attachment_id=1396\" class=\"wp-image-1396\" srcset=\"https:\/\/colegiocim.es\/wp-content\/uploads\/2021\/03\/IMG_1661-1024x683.jpg 1024w, https:\/\/colegiocim.es\/wp-content\/uploads\/2021\/03\/IMG_1661-300x200.jpg 300w, https:\/\/colegiocim.es\/wp-content\/uploads\/2021\/03\/IMG_1661-768x512.jpg 768w, https:\/\/colegiocim.es\/wp-content\/uploads\/2021\/03\/IMG_1661.jpg 1200w\" sizes=\"(max-width: 1024px) 100vw, 1024px\" \/><\/figure><\/li><li class=\"blocks-gallery-item\"><figure><img decoding=\"async\" width=\"1024\" height=\"683\" src=\"https:\/\/www.colegiocim.es\/wp-content\/uploads\/2021\/03\/IMG_1668-1024x683.jpg\" alt=\"\" data-id=\"1398\" data-full-url=\"https:\/\/www.colegiocim.es\/wp-content\/uploads\/2021\/03\/IMG_1668.jpg\" data-link=\"https:\/\/www.colegiocim.es\/?attachment_id=1398\" class=\"wp-image-1398\" srcset=\"https:\/\/colegiocim.es\/wp-content\/uploads\/2021\/03\/IMG_1668-1024x683.jpg 1024w, https:\/\/colegiocim.es\/wp-content\/uploads\/2021\/03\/IMG_1668-300x200.jpg 300w, https:\/\/colegiocim.es\/wp-content\/uploads\/2021\/03\/IMG_1668-768x512.jpg 768w, https:\/\/colegiocim.es\/wp-content\/uploads\/2021\/03\/IMG_1668.jpg 1200w\" sizes=\"(max-width: 1024px) 100vw, 1024px\" \/><\/figure><\/li><li class=\"blocks-gallery-item\"><figure><img loading=\"lazy\" decoding=\"async\" width=\"1024\" height=\"683\" src=\"https:\/\/www.colegiocim.es\/wp-content\/uploads\/2021\/03\/IMG_1669-1024x683.jpg\" alt=\"\" data-id=\"1400\" data-full-url=\"https:\/\/www.colegiocim.es\/wp-content\/uploads\/2021\/03\/IMG_1669.jpg\" data-link=\"https:\/\/www.colegiocim.es\/?attachment_id=1400\" class=\"wp-image-1400\" srcset=\"https:\/\/colegiocim.es\/wp-content\/uploads\/2021\/03\/IMG_1669-1024x683.jpg 1024w, https:\/\/colegiocim.es\/wp-content\/uploads\/2021\/03\/IMG_1669-300x200.jpg 300w, https:\/\/colegiocim.es\/wp-content\/uploads\/2021\/03\/IMG_1669-768x512.jpg 768w, https:\/\/colegiocim.es\/wp-content\/uploads\/2021\/03\/IMG_1669.jpg 1200w\" sizes=\"(max-width: 1024px) 100vw, 1024px\" \/><\/figure><\/li><li class=\"blocks-gallery-item\"><figure><img loading=\"lazy\" decoding=\"async\" width=\"1024\" height=\"683\" src=\"https:\/\/www.colegiocim.es\/wp-content\/uploads\/2021\/03\/IMG_1683-1024x683.jpg\" alt=\"\" data-id=\"1402\" data-full-url=\"https:\/\/www.colegiocim.es\/wp-content\/uploads\/2021\/03\/IMG_1683.jpg\" data-link=\"https:\/\/www.colegiocim.es\/?attachment_id=1402\" class=\"wp-image-1402\" srcset=\"https:\/\/colegiocim.es\/wp-content\/uploads\/2021\/03\/IMG_1683-1024x683.jpg 1024w, https:\/\/colegiocim.es\/wp-content\/uploads\/2021\/03\/IMG_1683-300x200.jpg 300w, https:\/\/colegiocim.es\/wp-content\/uploads\/2021\/03\/IMG_1683-768x512.jpg 768w, https:\/\/colegiocim.es\/wp-content\/uploads\/2021\/03\/IMG_1683.jpg 1200w\" sizes=\"(max-width: 1024px) 100vw, 1024px\" \/><\/figure><\/li><li class=\"blocks-gallery-item\"><figure><img loading=\"lazy\" decoding=\"async\" width=\"1024\" height=\"683\" src=\"https:\/\/www.colegiocim.es\/wp-content\/uploads\/2021\/03\/IMG_1699-1024x683.jpg\" alt=\"\" data-id=\"1404\" data-full-url=\"https:\/\/www.colegiocim.es\/wp-content\/uploads\/2021\/03\/IMG_1699.jpg\" data-link=\"https:\/\/www.colegiocim.es\/?attachment_id=1404\" class=\"wp-image-1404\" srcset=\"https:\/\/colegiocim.es\/wp-content\/uploads\/2021\/03\/IMG_1699-1024x683.jpg 1024w, https:\/\/colegiocim.es\/wp-content\/uploads\/2021\/03\/IMG_1699-300x200.jpg 300w, https:\/\/colegiocim.es\/wp-content\/uploads\/2021\/03\/IMG_1699-768x512.jpg 768w, https:\/\/colegiocim.es\/wp-content\/uploads\/2021\/03\/IMG_1699.jpg 1200w\" sizes=\"(max-width: 1024px) 100vw, 1024px\" \/><\/figure><\/li><li class=\"blocks-gallery-item\"><figure><img loading=\"lazy\" decoding=\"async\" width=\"1024\" height=\"683\" src=\"https:\/\/www.colegiocim.es\/wp-content\/uploads\/2021\/03\/IMG_1700-1024x683.jpg\" alt=\"\" data-id=\"1406\" data-full-url=\"https:\/\/www.colegiocim.es\/wp-content\/uploads\/2021\/03\/IMG_1700.jpg\" data-link=\"https:\/\/www.colegiocim.es\/?attachment_id=1406\" class=\"wp-image-1406\" srcset=\"https:\/\/colegiocim.es\/wp-content\/uploads\/2021\/03\/IMG_1700-1024x683.jpg 1024w, https:\/\/colegiocim.es\/wp-content\/uploads\/2021\/03\/IMG_1700-300x200.jpg 300w, https:\/\/colegiocim.es\/wp-content\/uploads\/2021\/03\/IMG_1700-768x512.jpg 768w, https:\/\/colegiocim.es\/wp-content\/uploads\/2021\/03\/IMG_1700.jpg 1200w\" sizes=\"(max-width: 1024px) 100vw, 1024px\" \/><\/figure><\/li><li class=\"blocks-gallery-item\"><figure><img loading=\"lazy\" decoding=\"async\" width=\"1024\" height=\"683\" src=\"https:\/\/www.colegiocim.es\/wp-content\/uploads\/2021\/03\/IMG_1701-1024x683.jpg\" alt=\"\" data-id=\"1408\" data-full-url=\"https:\/\/www.colegiocim.es\/wp-content\/uploads\/2021\/03\/IMG_1701.jpg\" data-link=\"https:\/\/www.colegiocim.es\/?attachment_id=1408\" class=\"wp-image-1408\" srcset=\"https:\/\/colegiocim.es\/wp-content\/uploads\/2021\/03\/IMG_1701-1024x683.jpg 1024w, https:\/\/colegiocim.es\/wp-content\/uploads\/2021\/03\/IMG_1701-300x200.jpg 300w, https:\/\/colegiocim.es\/wp-content\/uploads\/2021\/03\/IMG_1701-768x512.jpg 768w, https:\/\/colegiocim.es\/wp-content\/uploads\/2021\/03\/IMG_1701.jpg 1200w\" sizes=\"(max-width: 1024px) 100vw, 1024px\" \/><\/figure><\/li><\/ul><\/figure>\n<h3 class=\"wp-block-heading\"><\/h3>\n\n<p>A m\u00e9s, hem rebut l\u2019alegria dels colors i els jocs al nostre pati. La col\u00b7laboraci\u00f3 dels pares i mares en la millora del nostre centre, est\u00e0 donant molts bons fruits: jocs d\u2019escacs, tres en ratlla, la xarranca, el tintat de les pistes de tennis, handbol, futbol, b\u00e0squet i v\u00f2lei. Dona gust estrenar tanta il\u00b7lusi\u00f3!<\/p>\n\n<figure class=\"wp-block-gallery columns-3 is-cropped wp-block-gallery-2 is-layout-flex wp-block-gallery-is-layout-flex\"><ul class=\"blocks-gallery-grid\"><li class=\"blocks-gallery-item\"><figure><img loading=\"lazy\" decoding=\"async\" width=\"1024\" height=\"576\" src=\"https:\/\/www.colegiocim.es\/wp-content\/uploads\/2021\/03\/IMG_20210317_122948-1024x576.jpg\" alt=\"\" data-id=\"1410\" data-full-url=\"https:\/\/www.colegiocim.es\/wp-content\/uploads\/2021\/03\/IMG_20210317_122948.jpg\" data-link=\"https:\/\/www.colegiocim.es\/?attachment_id=1410\" class=\"wp-image-1410\" srcset=\"https:\/\/colegiocim.es\/wp-content\/uploads\/2021\/03\/IMG_20210317_122948-1024x576.jpg 1024w, https:\/\/colegiocim.es\/wp-content\/uploads\/2021\/03\/IMG_20210317_122948-300x169.jpg 300w, https:\/\/colegiocim.es\/wp-content\/uploads\/2021\/03\/IMG_20210317_122948-768x432.jpg 768w, https:\/\/colegiocim.es\/wp-content\/uploads\/2021\/03\/IMG_20210317_122948.jpg 1200w\" sizes=\"(max-width: 1024px) 100vw, 1024px\" \/><\/figure><\/li><li class=\"blocks-gallery-item\"><figure><img loading=\"lazy\" decoding=\"async\" width=\"1024\" height=\"576\" src=\"https:\/\/www.colegiocim.es\/wp-content\/uploads\/2021\/03\/IMG_20210317_123030-1024x576.jpg\" alt=\"\" data-id=\"1412\" data-full-url=\"https:\/\/www.colegiocim.es\/wp-content\/uploads\/2021\/03\/IMG_20210317_123030.jpg\" data-link=\"https:\/\/www.colegiocim.es\/?attachment_id=1412\" class=\"wp-image-1412\" srcset=\"https:\/\/colegiocim.es\/wp-content\/uploads\/2021\/03\/IMG_20210317_123030-1024x576.jpg 1024w, https:\/\/colegiocim.es\/wp-content\/uploads\/2021\/03\/IMG_20210317_123030-300x169.jpg 300w, https:\/\/colegiocim.es\/wp-content\/uploads\/2021\/03\/IMG_20210317_123030-768x432.jpg 768w, https:\/\/colegiocim.es\/wp-content\/uploads\/2021\/03\/IMG_20210317_123030.jpg 1200w\" sizes=\"(max-width: 1024px) 100vw, 1024px\" \/><\/figure><\/li><li class=\"blocks-gallery-item\"><figure><img loading=\"lazy\" decoding=\"async\" width=\"1024\" height=\"576\" src=\"https:\/\/www.colegiocim.es\/wp-content\/uploads\/2021\/03\/IMG_20210317_135253-1024x576.jpg\" alt=\"\" data-id=\"1414\" data-full-url=\"https:\/\/www.colegiocim.es\/wp-content\/uploads\/2021\/03\/IMG_20210317_135253.jpg\" data-link=\"https:\/\/www.colegiocim.es\/?attachment_id=1414\" class=\"wp-image-1414\" srcset=\"https:\/\/colegiocim.es\/wp-content\/uploads\/2021\/03\/IMG_20210317_135253-1024x576.jpg 1024w, https:\/\/colegiocim.es\/wp-content\/uploads\/2021\/03\/IMG_20210317_135253-300x169.jpg 300w, https:\/\/colegiocim.es\/wp-content\/uploads\/2021\/03\/IMG_20210317_135253-768x432.jpg 768w, https:\/\/colegiocim.es\/wp-content\/uploads\/2021\/03\/IMG_20210317_135253.jpg 1200w\" sizes=\"(max-width: 1024px) 100vw, 1024px\" \/><\/figure><\/li><li class=\"blocks-gallery-item\"><figure><img loading=\"lazy\" decoding=\"async\" width=\"1024\" height=\"765\" src=\"https:\/\/www.colegiocim.es\/wp-content\/uploads\/2021\/03\/IMG-20210317-WA0005-1024x765.jpg\" alt=\"\" data-id=\"1416\" data-full-url=\"https:\/\/www.colegiocim.es\/wp-content\/uploads\/2021\/03\/IMG-20210317-WA0005.jpg\" data-link=\"https:\/\/www.colegiocim.es\/?attachment_id=1416\" class=\"wp-image-1416\" srcset=\"https:\/\/colegiocim.es\/wp-content\/uploads\/2021\/03\/IMG-20210317-WA0005-1024x765.jpg 1024w, https:\/\/colegiocim.es\/wp-content\/uploads\/2021\/03\/IMG-20210317-WA0005-300x224.jpg 300w, https:\/\/colegiocim.es\/wp-content\/uploads\/2021\/03\/IMG-20210317-WA0005-768x574.jpg 768w, https:\/\/colegiocim.es\/wp-content\/uploads\/2021\/03\/IMG-20210317-WA0005.jpg 1200w\" sizes=\"(max-width: 1024px) 100vw, 1024px\" \/><\/figure><\/li><\/ul><\/figure>","protected":false},"excerpt":{"rendered":"<p>En primer lloc, hem rebut la visita dels nostres amics els cavalls, com un tastet del que ser\u00e0 la nostra pr\u00f2xima extraescolar d\u2019h\u00edpica. En tenim tots tantes ganes! A m\u00e9s, hem rebut l\u2019alegria dels colors i els jocs al nostre pati. La col\u00b7laboraci\u00f3 dels pares i mares en la millora del nostre centre, est\u00e0 donant [&hellip;]<\/p>\n","protected":false},"author":6,"featured_media":1395,"comment_status":"open","ping_status":"open","sticky":false,"template":"","format":"standard","meta":{"footnotes":""},"categories":[40],"tags":[],"class_list":["post-1435","post","type-post","status-publish","format-standard","has-post-thumbnail","hentry","category-primaria-ca"],"yoast_head":"<!-- This site is optimized with the Yoast SEO plugin v27.5 - https:\/\/yoast.com\/product\/yoast-seo-wordpress\/ -->\n<title>Mes de mar\u00e7 molt entretingut - Colegio Coraz\u00f3n Inmaculado de Mar\u00eda<\/title>\n<meta name=\"robots\" content=\"noindex, follow\" \/>\n<meta property=\"og:locale\" content=\"ca_ES\" \/>\n<meta property=\"og:type\" content=\"article\" \/>\n<meta property=\"og:title\" content=\"Mes de mar\u00e7 molt entretingut - Colegio Coraz\u00f3n Inmaculado de Mar\u00eda\" \/>\n<meta property=\"og:description\" content=\"En primer lloc, hem rebut la visita dels nostres amics els cavalls, com un tastet del que ser\u00e0 la nostra pr\u00f2xima extraescolar d\u2019h\u00edpica. En tenim tots tantes ganes! A m\u00e9s, hem rebut l\u2019alegria dels colors i els jocs al nostre pati. La col\u00b7laboraci\u00f3 dels pares i mares en la millora del nostre centre, est\u00e0 donant [&hellip;]\" \/>\n<meta property=\"og:url\" content=\"https:\/\/colegiocim.es\/ca\/marzo-al-cim\/\" \/>\n<meta property=\"og:site_name\" content=\"Colegio Coraz\u00f3n Inmaculado de Mar\u00eda\" \/>\n<meta property=\"article:publisher\" content=\"https:\/\/facebook.com\/colegiocim\" \/>\n<meta property=\"article:published_time\" content=\"2021-03-25T08:36:59+00:00\" \/>\n<meta property=\"article:modified_time\" content=\"2021-03-26T12:30:57+00:00\" \/>\n<meta property=\"og:image\" content=\"https:\/\/colegiocim.es\/wp-content\/uploads\/2021\/03\/IMG_1647.jpg\" \/>\n\t<meta property=\"og:image:width\" content=\"1200\" \/>\n\t<meta property=\"og:image:height\" content=\"800\" \/>\n\t<meta property=\"og:image:type\" content=\"image\/jpeg\" \/>\n<meta name=\"author\" content=\"Mat\u00edas Cluet\" \/>\n<meta name=\"twitter:card\" content=\"summary_large_image\" \/>\n<meta name=\"twitter:creator\" content=\"@cimsentmenat\" \/>\n<meta name=\"twitter:site\" content=\"@cimsentmenat\" \/>\n<meta name=\"twitter:label1\" content=\"Escrit per\" \/>\n\t<meta name=\"twitter:data1\" content=\"Mat\u00edas Cluet\" \/>\n<script type=\"application\/ld+json\" class=\"yoast-schema-graph\">{\"@context\":\"https:\\\/\\\/schema.org\",\"@graph\":[{\"@type\":\"Article\",\"@id\":\"https:\\\/\\\/colegiocim.es\\\/ca\\\/marzo-al-cim\\\/#article\",\"isPartOf\":{\"@id\":\"https:\\\/\\\/colegiocim.es\\\/ca\\\/marzo-al-cim\\\/\"},\"author\":{\"name\":\"Mat\u00edas Cluet\",\"@id\":\"https:\\\/\\\/colegiocim.es\\\/#\\\/schema\\\/person\\\/26aab585685805d0acbea8a5646e314e\"},\"headline\":\"Mes de mar\u00e7 molt entretingut\",\"datePublished\":\"2021-03-25T08:36:59+00:00\",\"dateModified\":\"2021-03-26T12:30:57+00:00\",\"mainEntityOfPage\":{\"@id\":\"https:\\\/\\\/colegiocim.es\\\/ca\\\/marzo-al-cim\\\/\"},\"wordCount\":97,\"commentCount\":0,\"publisher\":{\"@id\":\"https:\\\/\\\/colegiocim.es\\\/#organization\"},\"image\":{\"@id\":\"https:\\\/\\\/colegiocim.es\\\/ca\\\/marzo-al-cim\\\/#primaryimage\"},\"thumbnailUrl\":\"https:\\\/\\\/colegiocim.es\\\/wp-content\\\/uploads\\\/2021\\\/03\\\/IMG_1647.jpg\",\"articleSection\":[\"Prim\u00e0ria\"],\"inLanguage\":\"ca\",\"potentialAction\":[{\"@type\":\"CommentAction\",\"name\":\"Comment\",\"target\":[\"https:\\\/\\\/colegiocim.es\\\/ca\\\/marzo-al-cim\\\/#respond\"]}]},{\"@type\":\"WebPage\",\"@id\":\"https:\\\/\\\/colegiocim.es\\\/ca\\\/marzo-al-cim\\\/\",\"url\":\"https:\\\/\\\/colegiocim.es\\\/ca\\\/marzo-al-cim\\\/\",\"name\":\"Mes de mar\u00e7 molt entretingut - Colegio Coraz\u00f3n Inmaculado de Mar\u00eda\",\"isPartOf\":{\"@id\":\"https:\\\/\\\/colegiocim.es\\\/#website\"},\"primaryImageOfPage\":{\"@id\":\"https:\\\/\\\/colegiocim.es\\\/ca\\\/marzo-al-cim\\\/#primaryimage\"},\"image\":{\"@id\":\"https:\\\/\\\/colegiocim.es\\\/ca\\\/marzo-al-cim\\\/#primaryimage\"},\"thumbnailUrl\":\"https:\\\/\\\/colegiocim.es\\\/wp-content\\\/uploads\\\/2021\\\/03\\\/IMG_1647.jpg\",\"datePublished\":\"2021-03-25T08:36:59+00:00\",\"dateModified\":\"2021-03-26T12:30:57+00:00\",\"breadcrumb\":{\"@id\":\"https:\\\/\\\/colegiocim.es\\\/ca\\\/marzo-al-cim\\\/#breadcrumb\"},\"inLanguage\":\"ca\",\"potentialAction\":[{\"@type\":\"ReadAction\",\"target\":[\"https:\\\/\\\/colegiocim.es\\\/ca\\\/marzo-al-cim\\\/\"]}]},{\"@type\":\"ImageObject\",\"inLanguage\":\"ca\",\"@id\":\"https:\\\/\\\/colegiocim.es\\\/ca\\\/marzo-al-cim\\\/#primaryimage\",\"url\":\"https:\\\/\\\/colegiocim.es\\\/wp-content\\\/uploads\\\/2021\\\/03\\\/IMG_1647.jpg\",\"contentUrl\":\"https:\\\/\\\/colegiocim.es\\\/wp-content\\\/uploads\\\/2021\\\/03\\\/IMG_1647.jpg\",\"width\":1200,\"height\":800},{\"@type\":\"BreadcrumbList\",\"@id\":\"https:\\\/\\\/colegiocim.es\\\/ca\\\/marzo-al-cim\\\/#breadcrumb\",\"itemListElement\":[{\"@type\":\"ListItem\",\"position\":1,\"name\":\"Portada\",\"item\":\"https:\\\/\\\/colegiocim.es\\\/ca\\\/\"},{\"@type\":\"ListItem\",\"position\":2,\"name\":\"Mes de mar\u00e7 molt entretingut\"}]},{\"@type\":\"WebSite\",\"@id\":\"https:\\\/\\\/colegiocim.es\\\/#website\",\"url\":\"https:\\\/\\\/colegiocim.es\\\/\",\"name\":\"Colegio Coraz\u00f3n Inmaculado de Mar\u00eda\",\"description\":\"Colegio privado cat\u00f3lico en Sentmenat\",\"publisher\":{\"@id\":\"https:\\\/\\\/colegiocim.es\\\/#organization\"},\"potentialAction\":[{\"@type\":\"SearchAction\",\"target\":{\"@type\":\"EntryPoint\",\"urlTemplate\":\"https:\\\/\\\/colegiocim.es\\\/?s={search_term_string}\"},\"query-input\":{\"@type\":\"PropertyValueSpecification\",\"valueRequired\":true,\"valueName\":\"search_term_string\"}}],\"inLanguage\":\"ca\"},{\"@type\":\"Organization\",\"@id\":\"https:\\\/\\\/colegiocim.es\\\/#organization\",\"name\":\"Colegio Coraz\u00f3n Inmaculado de Mar\u00eda\",\"url\":\"https:\\\/\\\/colegiocim.es\\\/\",\"logo\":{\"@type\":\"ImageObject\",\"inLanguage\":\"ca\",\"@id\":\"https:\\\/\\\/colegiocim.es\\\/#\\\/schema\\\/logo\\\/image\\\/\",\"url\":\"https:\\\/\\\/www.colegiocim.es\\\/wp-content\\\/uploads\\\/2021\\\/03\\\/CCIM-ESP.png\",\"contentUrl\":\"https:\\\/\\\/www.colegiocim.es\\\/wp-content\\\/uploads\\\/2021\\\/03\\\/CCIM-ESP.png\",\"width\":357,\"height\":86,\"caption\":\"Colegio Coraz\u00f3n Inmaculado de Mar\u00eda\"},\"image\":{\"@id\":\"https:\\\/\\\/colegiocim.es\\\/#\\\/schema\\\/logo\\\/image\\\/\"},\"sameAs\":[\"https:\\\/\\\/facebook.com\\\/colegiocim\",\"https:\\\/\\\/x.com\\\/cimsentmenat\"]},{\"@type\":\"Person\",\"@id\":\"https:\\\/\\\/colegiocim.es\\\/#\\\/schema\\\/person\\\/26aab585685805d0acbea8a5646e314e\",\"name\":\"Mat\u00edas Cluet\",\"image\":{\"@type\":\"ImageObject\",\"inLanguage\":\"ca\",\"@id\":\"https:\\\/\\\/secure.gravatar.com\\\/avatar\\\/88fd60871505f232c9f0dddada52105c10879f0d1617a2be55fb2ca57f73c135?s=96&d=mm&r=g\",\"url\":\"https:\\\/\\\/secure.gravatar.com\\\/avatar\\\/88fd60871505f232c9f0dddada52105c10879f0d1617a2be55fb2ca57f73c135?s=96&d=mm&r=g\",\"contentUrl\":\"https:\\\/\\\/secure.gravatar.com\\\/avatar\\\/88fd60871505f232c9f0dddada52105c10879f0d1617a2be55fb2ca57f73c135?s=96&d=mm&r=g\",\"caption\":\"Mat\u00edas Cluet\"}}]}<\/script>\n<!-- \/ Yoast SEO plugin. -->","yoast_head_json":{"title":"Mes de mar\u00e7 molt entretingut - Colegio Coraz\u00f3n Inmaculado de Mar\u00eda","robots":{"index":"noindex","follow":"follow"},"og_locale":"ca_ES","og_type":"article","og_title":"Mes de mar\u00e7 molt entretingut - Colegio Coraz\u00f3n Inmaculado de Mar\u00eda","og_description":"En primer lloc, hem rebut la visita dels nostres amics els cavalls, com un tastet del que ser\u00e0 la nostra pr\u00f2xima extraescolar d\u2019h\u00edpica. En tenim tots tantes ganes! A m\u00e9s, hem rebut l\u2019alegria dels colors i els jocs al nostre pati. La col\u00b7laboraci\u00f3 dels pares i mares en la millora del nostre centre, est\u00e0 donant [&hellip;]","og_url":"https:\/\/colegiocim.es\/ca\/marzo-al-cim\/","og_site_name":"Colegio Coraz\u00f3n Inmaculado de Mar\u00eda","article_publisher":"https:\/\/facebook.com\/colegiocim","article_published_time":"2021-03-25T08:36:59+00:00","article_modified_time":"2021-03-26T12:30:57+00:00","og_image":[{"width":1200,"height":800,"url":"https:\/\/colegiocim.es\/wp-content\/uploads\/2021\/03\/IMG_1647.jpg","type":"image\/jpeg"}],"author":"Mat\u00edas Cluet","twitter_card":"summary_large_image","twitter_creator":"@cimsentmenat","twitter_site":"@cimsentmenat","twitter_misc":{"Escrit per":"Mat\u00edas Cluet"},"schema":{"@context":"https:\/\/schema.org","@graph":[{"@type":"Article","@id":"https:\/\/colegiocim.es\/ca\/marzo-al-cim\/#article","isPartOf":{"@id":"https:\/\/colegiocim.es\/ca\/marzo-al-cim\/"},"author":{"name":"Mat\u00edas Cluet","@id":"https:\/\/colegiocim.es\/#\/schema\/person\/26aab585685805d0acbea8a5646e314e"},"headline":"Mes de mar\u00e7 molt entretingut","datePublished":"2021-03-25T08:36:59+00:00","dateModified":"2021-03-26T12:30:57+00:00","mainEntityOfPage":{"@id":"https:\/\/colegiocim.es\/ca\/marzo-al-cim\/"},"wordCount":97,"commentCount":0,"publisher":{"@id":"https:\/\/colegiocim.es\/#organization"},"image":{"@id":"https:\/\/colegiocim.es\/ca\/marzo-al-cim\/#primaryimage"},"thumbnailUrl":"https:\/\/colegiocim.es\/wp-content\/uploads\/2021\/03\/IMG_1647.jpg","articleSection":["Prim\u00e0ria"],"inLanguage":"ca","potentialAction":[{"@type":"CommentAction","name":"Comment","target":["https:\/\/colegiocim.es\/ca\/marzo-al-cim\/#respond"]}]},{"@type":"WebPage","@id":"https:\/\/colegiocim.es\/ca\/marzo-al-cim\/","url":"https:\/\/colegiocim.es\/ca\/marzo-al-cim\/","name":"Mes de mar\u00e7 molt entretingut - Colegio Coraz\u00f3n Inmaculado de Mar\u00eda","isPartOf":{"@id":"https:\/\/colegiocim.es\/#website"},"primaryImageOfPage":{"@id":"https:\/\/colegiocim.es\/ca\/marzo-al-cim\/#primaryimage"},"image":{"@id":"https:\/\/colegiocim.es\/ca\/marzo-al-cim\/#primaryimage"},"thumbnailUrl":"https:\/\/colegiocim.es\/wp-content\/uploads\/2021\/03\/IMG_1647.jpg","datePublished":"2021-03-25T08:36:59+00:00","dateModified":"2021-03-26T12:30:57+00:00","breadcrumb":{"@id":"https:\/\/colegiocim.es\/ca\/marzo-al-cim\/#breadcrumb"},"inLanguage":"ca","potentialAction":[{"@type":"ReadAction","target":["https:\/\/colegiocim.es\/ca\/marzo-al-cim\/"]}]},{"@type":"ImageObject","inLanguage":"ca","@id":"https:\/\/colegiocim.es\/ca\/marzo-al-cim\/#primaryimage","url":"https:\/\/colegiocim.es\/wp-content\/uploads\/2021\/03\/IMG_1647.jpg","contentUrl":"https:\/\/colegiocim.es\/wp-content\/uploads\/2021\/03\/IMG_1647.jpg","width":1200,"height":800},{"@type":"BreadcrumbList","@id":"https:\/\/colegiocim.es\/ca\/marzo-al-cim\/#breadcrumb","itemListElement":[{"@type":"ListItem","position":1,"name":"Portada","item":"https:\/\/colegiocim.es\/ca\/"},{"@type":"ListItem","position":2,"name":"Mes de mar\u00e7 molt entretingut"}]},{"@type":"WebSite","@id":"https:\/\/colegiocim.es\/#website","url":"https:\/\/colegiocim.es\/","name":"Colegio Coraz\u00f3n Inmaculado de Mar\u00eda","description":"Colegio privado cat\u00f3lico en Sentmenat","publisher":{"@id":"https:\/\/colegiocim.es\/#organization"},"potentialAction":[{"@type":"SearchAction","target":{"@type":"EntryPoint","urlTemplate":"https:\/\/colegiocim.es\/?s={search_term_string}"},"query-input":{"@type":"PropertyValueSpecification","valueRequired":true,"valueName":"search_term_string"}}],"inLanguage":"ca"},{"@type":"Organization","@id":"https:\/\/colegiocim.es\/#organization","name":"Colegio Coraz\u00f3n Inmaculado de Mar\u00eda","url":"https:\/\/colegiocim.es\/","logo":{"@type":"ImageObject","inLanguage":"ca","@id":"https:\/\/colegiocim.es\/#\/schema\/logo\/image\/","url":"https:\/\/www.colegiocim.es\/wp-content\/uploads\/2021\/03\/CCIM-ESP.png","contentUrl":"https:\/\/www.colegiocim.es\/wp-content\/uploads\/2021\/03\/CCIM-ESP.png","width":357,"height":86,"caption":"Colegio Coraz\u00f3n Inmaculado de Mar\u00eda"},"image":{"@id":"https:\/\/colegiocim.es\/#\/schema\/logo\/image\/"},"sameAs":["https:\/\/facebook.com\/colegiocim","https:\/\/x.com\/cimsentmenat"]},{"@type":"Person","@id":"https:\/\/colegiocim.es\/#\/schema\/person\/26aab585685805d0acbea8a5646e314e","name":"Mat\u00edas Cluet","image":{"@type":"ImageObject","inLanguage":"ca","@id":"https:\/\/secure.gravatar.com\/avatar\/88fd60871505f232c9f0dddada52105c10879f0d1617a2be55fb2ca57f73c135?s=96&d=mm&r=g","url":"https:\/\/secure.gravatar.com\/avatar\/88fd60871505f232c9f0dddada52105c10879f0d1617a2be55fb2ca57f73c135?s=96&d=mm&r=g","contentUrl":"https:\/\/secure.gravatar.com\/avatar\/88fd60871505f232c9f0dddada52105c10879f0d1617a2be55fb2ca57f73c135?s=96&d=mm&r=g","caption":"Mat\u00edas Cluet"}}]}},"_links":{"self":[{"href":"https:\/\/colegiocim.es\/ca\/wp-json\/wp\/v2\/posts\/1435","targetHints":{"allow":["GET"]}}],"collection":[{"href":"https:\/\/colegiocim.es\/ca\/wp-json\/wp\/v2\/posts"}],"about":[{"href":"https:\/\/colegiocim.es\/ca\/wp-json\/wp\/v2\/types\/post"}],"author":[{"embeddable":true,"href":"https:\/\/colegiocim.es\/ca\/wp-json\/wp\/v2\/users\/6"}],"replies":[{"embeddable":true,"href":"https:\/\/colegiocim.es\/ca\/wp-json\/wp\/v2\/comments?post=1435"}],"version-history":[{"count":0,"href":"https:\/\/colegiocim.es\/ca\/wp-json\/wp\/v2\/posts\/1435\/revisions"}],"wp:featuredmedia":[{"embeddable":true,"href":"https:\/\/colegiocim.es\/ca\/wp-json\/wp\/v2\/media\/1395"}],"wp:attachment":[{"href":"https:\/\/colegiocim.es\/ca\/wp-json\/wp\/v2\/media?parent=1435"}],"wp:term":[{"taxonomy":"category","embeddable":true,"href":"https:\/\/colegiocim.es\/ca\/wp-json\/wp\/v2\/categories?post=1435"},{"taxonomy":"post_tag","embeddable":true,"href":"https:\/\/colegiocim.es\/ca\/wp-json\/wp\/v2\/tags?post=1435"}],"curies":[{"name":"wp","href":"https:\/\/api.w.org\/{rel}","templated":true}]}}