{"id":1437,"date":"2021-03-19T09:31:00","date_gmt":"2021-03-19T08:31:00","guid":{"rendered":"https:\/\/www.colegiocim.es\/festivitat-de-san-josep\/"},"modified":"2021-03-26T13:31:25","modified_gmt":"2021-03-26T12:31:25","slug":"san-josep-al-cim","status":"publish","type":"post","link":"https:\/\/colegiocim.es\/ca\/san-josep-al-cim\/","title":{"rendered":"Festivitat de San Josep"},"content":{"rendered":"\n<p>Al col\u00b7legi Cor Immaculat de Maria hem celebrat la Festivitat de Sant Josep en honor als nostres estimats pares. Al llarg de tot el mes hem anat preparant el detallet que, com cada any, els hi dediquem. <\/p>\n\n<div class=\"wp-block-image is-style-rounded\"><figure class=\"aligncenter size-large\"><img decoding=\"async\" width=\"200\" height=\"200\" src=\"https:\/\/www.colegiocim.es\/wp-content\/uploads\/2021\/03\/SanJose.jpg\" alt=\"\" class=\"wp-image-1433\" srcset=\"https:\/\/colegiocim.es\/wp-content\/uploads\/2021\/03\/SanJose.jpg 200w, https:\/\/colegiocim.es\/wp-content\/uploads\/2021\/03\/SanJose-150x150.jpg 150w\" sizes=\"(max-width: 200px) 100vw, 200px\" \/><\/figure><\/div>\n\n<p>Malgrat la situaci\u00f3 Covid, no hem volgut suspendre la celebraci\u00f3 d\u2019aquesta festa. Altres anys, era un motiu de trobada i germanor amb les diferents fam\u00edlies a fi de venerar amb danses, actuacions i m\u00fasica al Patr\u00f3 de l\u2019Esgl\u00e9sia i de tots els pares. Aquest any, tot i no poder-nos retrobar tots junts, hem decidit seguir endavant amb la celebraci\u00f3; aix\u00f2 s\u00ed, en petit comit\u00e8. Atenent a les precaucions establertes, els pares no han pogut participar d\u2019aquest festeig que amb molta il\u00b7lusi\u00f3 els alumnes de prim\u00e0ria han preparat per a aquesta data.<\/p>\n\n<figure class=\"wp-block-gallery columns-3 is-cropped wp-block-gallery-1 is-layout-flex wp-block-gallery-is-layout-flex\"><ul class=\"blocks-gallery-grid\"><li class=\"blocks-gallery-item\"><figure><img fetchpriority=\"high\" decoding=\"async\" width=\"1024\" height=\"576\" src=\"https:\/\/www.colegiocim.es\/wp-content\/uploads\/2021\/03\/IMG_20210316_142014-1024x576.jpg\" alt=\"\" data-id=\"1421\" data-full-url=\"https:\/\/www.colegiocim.es\/wp-content\/uploads\/2021\/03\/IMG_20210316_142014.jpg\" data-link=\"https:\/\/www.colegiocim.es\/?attachment_id=1421\" class=\"wp-image-1421\" srcset=\"https:\/\/colegiocim.es\/wp-content\/uploads\/2021\/03\/IMG_20210316_142014-1024x576.jpg 1024w, https:\/\/colegiocim.es\/wp-content\/uploads\/2021\/03\/IMG_20210316_142014-300x169.jpg 300w, https:\/\/colegiocim.es\/wp-content\/uploads\/2021\/03\/IMG_20210316_142014-768x432.jpg 768w, https:\/\/colegiocim.es\/wp-content\/uploads\/2021\/03\/IMG_20210316_142014.jpg 1200w\" sizes=\"(max-width: 1024px) 100vw, 1024px\" \/><\/figure><\/li><li class=\"blocks-gallery-item\"><figure><img decoding=\"async\" width=\"1024\" height=\"576\" src=\"https:\/\/www.colegiocim.es\/wp-content\/uploads\/2021\/03\/IMG_20210317_110222-1024x576.jpg\" alt=\"\" data-id=\"1423\" data-full-url=\"https:\/\/www.colegiocim.es\/wp-content\/uploads\/2021\/03\/IMG_20210317_110222.jpg\" data-link=\"https:\/\/www.colegiocim.es\/?attachment_id=1423\" class=\"wp-image-1423\" srcset=\"https:\/\/colegiocim.es\/wp-content\/uploads\/2021\/03\/IMG_20210317_110222-1024x576.jpg 1024w, https:\/\/colegiocim.es\/wp-content\/uploads\/2021\/03\/IMG_20210317_110222-300x169.jpg 300w, https:\/\/colegiocim.es\/wp-content\/uploads\/2021\/03\/IMG_20210317_110222-768x432.jpg 768w, https:\/\/colegiocim.es\/wp-content\/uploads\/2021\/03\/IMG_20210317_110222.jpg 1200w\" sizes=\"(max-width: 1024px) 100vw, 1024px\" \/><\/figure><\/li><li class=\"blocks-gallery-item\"><figure><img loading=\"lazy\" decoding=\"async\" width=\"1024\" height=\"576\" src=\"https:\/\/www.colegiocim.es\/wp-content\/uploads\/2021\/03\/IMG_20210317_110803-1024x576.jpg\" alt=\"\" data-id=\"1425\" data-full-url=\"https:\/\/www.colegiocim.es\/wp-content\/uploads\/2021\/03\/IMG_20210317_110803.jpg\" data-link=\"https:\/\/www.colegiocim.es\/?attachment_id=1425\" class=\"wp-image-1425\" srcset=\"https:\/\/colegiocim.es\/wp-content\/uploads\/2021\/03\/IMG_20210317_110803-1024x576.jpg 1024w, https:\/\/colegiocim.es\/wp-content\/uploads\/2021\/03\/IMG_20210317_110803-300x169.jpg 300w, https:\/\/colegiocim.es\/wp-content\/uploads\/2021\/03\/IMG_20210317_110803-768x432.jpg 768w, https:\/\/colegiocim.es\/wp-content\/uploads\/2021\/03\/IMG_20210317_110803.jpg 1200w\" sizes=\"(max-width: 1024px) 100vw, 1024px\" \/><\/figure><\/li><li class=\"blocks-gallery-item\"><figure><img loading=\"lazy\" decoding=\"async\" width=\"1024\" height=\"576\" src=\"https:\/\/www.colegiocim.es\/wp-content\/uploads\/2021\/03\/IMG_20210317_111536-1024x576.jpg\" alt=\"\" data-id=\"1427\" data-full-url=\"https:\/\/www.colegiocim.es\/wp-content\/uploads\/2021\/03\/IMG_20210317_111536.jpg\" data-link=\"https:\/\/www.colegiocim.es\/?attachment_id=1427\" class=\"wp-image-1427\" srcset=\"https:\/\/colegiocim.es\/wp-content\/uploads\/2021\/03\/IMG_20210317_111536-1024x576.jpg 1024w, https:\/\/colegiocim.es\/wp-content\/uploads\/2021\/03\/IMG_20210317_111536-300x169.jpg 300w, https:\/\/colegiocim.es\/wp-content\/uploads\/2021\/03\/IMG_20210317_111536-768x432.jpg 768w, https:\/\/colegiocim.es\/wp-content\/uploads\/2021\/03\/IMG_20210317_111536.jpg 1200w\" sizes=\"(max-width: 1024px) 100vw, 1024px\" \/><\/figure><\/li><li class=\"blocks-gallery-item\"><figure><img loading=\"lazy\" decoding=\"async\" width=\"1024\" height=\"576\" src=\"https:\/\/www.colegiocim.es\/wp-content\/uploads\/2021\/03\/IMG_20210317_112019-1024x576.jpg\" alt=\"\" data-id=\"1429\" data-full-url=\"https:\/\/www.colegiocim.es\/wp-content\/uploads\/2021\/03\/IMG_20210317_112019.jpg\" data-link=\"https:\/\/www.colegiocim.es\/?attachment_id=1429\" class=\"wp-image-1429\" srcset=\"https:\/\/colegiocim.es\/wp-content\/uploads\/2021\/03\/IMG_20210317_112019-1024x576.jpg 1024w, https:\/\/colegiocim.es\/wp-content\/uploads\/2021\/03\/IMG_20210317_112019-300x169.jpg 300w, https:\/\/colegiocim.es\/wp-content\/uploads\/2021\/03\/IMG_20210317_112019-768x432.jpg 768w, https:\/\/colegiocim.es\/wp-content\/uploads\/2021\/03\/IMG_20210317_112019.jpg 1200w\" sizes=\"(max-width: 1024px) 100vw, 1024px\" \/><\/figure><\/li><\/ul><\/figure>\n<p>Ha estat unes actuacions ben diverses: musicals, cantades amb castell\u00e0 i itali\u00e0, balls i una representaci\u00f3 de titelles. Ens ho hem passat d\u2019all\u00f2 m\u00e9s b\u00e9 actuant i gaudint de les interpretacions dels nostres companys.<\/p>\n","protected":false},"excerpt":{"rendered":"<p>Al col\u00b7legi Cor Immaculat de Maria hem celebrat la Festivitat de Sant Josep en honor als nostres estimats pares. Al llarg de tot el mes hem anat preparant el detallet que, com cada any, els hi dediquem. Malgrat la situaci\u00f3 Covid, no hem volgut suspendre la celebraci\u00f3 d\u2019aquesta festa. Altres anys, era un motiu de [&hellip;]<\/p>\n","protected":false},"author":6,"featured_media":1433,"comment_status":"open","ping_status":"open","sticky":false,"template":"","format":"standard","meta":{"footnotes":""},"categories":[43],"tags":[],"class_list":["post-1437","post","type-post","status-publish","format-standard","has-post-thumbnail","hentry","category-religioses-general"],"yoast_head":"<!-- This site is optimized with the Yoast SEO plugin v27.5 - https:\/\/yoast.com\/product\/yoast-seo-wordpress\/ -->\n<title>Festivitat de San Josep - Colegio Coraz\u00f3n Inmaculado de Mar\u00eda<\/title>\n<meta name=\"robots\" content=\"noindex, follow\" \/>\n<meta property=\"og:locale\" content=\"ca_ES\" \/>\n<meta property=\"og:type\" content=\"article\" \/>\n<meta property=\"og:title\" content=\"Festivitat de San Josep - Colegio Coraz\u00f3n Inmaculado de Mar\u00eda\" \/>\n<meta property=\"og:description\" content=\"Al col\u00b7legi Cor Immaculat de Maria hem celebrat la Festivitat de Sant Josep en honor als nostres estimats pares. Al llarg de tot el mes hem anat preparant el detallet que, com cada any, els hi dediquem. Malgrat la situaci\u00f3 Covid, no hem volgut suspendre la celebraci\u00f3 d\u2019aquesta festa. Altres anys, era un motiu de [&hellip;]\" \/>\n<meta property=\"og:url\" content=\"https:\/\/colegiocim.es\/ca\/san-josep-al-cim\/\" \/>\n<meta property=\"og:site_name\" content=\"Colegio Coraz\u00f3n Inmaculado de Mar\u00eda\" \/>\n<meta property=\"article:publisher\" content=\"https:\/\/facebook.com\/colegiocim\" \/>\n<meta property=\"article:published_time\" content=\"2021-03-19T08:31:00+00:00\" \/>\n<meta property=\"article:modified_time\" content=\"2021-03-26T12:31:25+00:00\" \/>\n<meta property=\"og:image\" content=\"https:\/\/colegiocim.es\/wp-content\/uploads\/2021\/03\/SanJose.jpg\" \/>\n\t<meta property=\"og:image:width\" content=\"200\" \/>\n\t<meta property=\"og:image:height\" content=\"200\" \/>\n\t<meta property=\"og:image:type\" content=\"image\/jpeg\" \/>\n<meta name=\"author\" content=\"Mat\u00edas Cluet\" \/>\n<meta name=\"twitter:card\" content=\"summary_large_image\" \/>\n<meta name=\"twitter:creator\" content=\"@cimsentmenat\" \/>\n<meta name=\"twitter:site\" content=\"@cimsentmenat\" \/>\n<meta name=\"twitter:label1\" content=\"Escrit per\" \/>\n\t<meta name=\"twitter:data1\" content=\"Mat\u00edas Cluet\" \/>\n\t<meta name=\"twitter:label2\" content=\"Temps estimat de lectura\" \/>\n\t<meta name=\"twitter:data2\" content=\"1 minut\" \/>\n<script type=\"application\/ld+json\" class=\"yoast-schema-graph\">{\"@context\":\"https:\\\/\\\/schema.org\",\"@graph\":[{\"@type\":\"Article\",\"@id\":\"https:\\\/\\\/colegiocim.es\\\/ca\\\/san-josep-al-cim\\\/#article\",\"isPartOf\":{\"@id\":\"https:\\\/\\\/colegiocim.es\\\/ca\\\/san-josep-al-cim\\\/\"},\"author\":{\"name\":\"Mat\u00edas Cluet\",\"@id\":\"https:\\\/\\\/colegiocim.es\\\/#\\\/schema\\\/person\\\/26aab585685805d0acbea8a5646e314e\"},\"headline\":\"Festivitat de San Josep\",\"datePublished\":\"2021-03-19T08:31:00+00:00\",\"dateModified\":\"2021-03-26T12:31:25+00:00\",\"mainEntityOfPage\":{\"@id\":\"https:\\\/\\\/colegiocim.es\\\/ca\\\/san-josep-al-cim\\\/\"},\"wordCount\":177,\"commentCount\":0,\"publisher\":{\"@id\":\"https:\\\/\\\/colegiocim.es\\\/#organization\"},\"image\":{\"@id\":\"https:\\\/\\\/colegiocim.es\\\/ca\\\/san-josep-al-cim\\\/#primaryimage\"},\"thumbnailUrl\":\"https:\\\/\\\/colegiocim.es\\\/wp-content\\\/uploads\\\/2021\\\/03\\\/SanJose.jpg\",\"articleSection\":[\"Religioses - General\"],\"inLanguage\":\"ca\",\"potentialAction\":[{\"@type\":\"CommentAction\",\"name\":\"Comment\",\"target\":[\"https:\\\/\\\/colegiocim.es\\\/ca\\\/san-josep-al-cim\\\/#respond\"]}]},{\"@type\":\"WebPage\",\"@id\":\"https:\\\/\\\/colegiocim.es\\\/ca\\\/san-josep-al-cim\\\/\",\"url\":\"https:\\\/\\\/colegiocim.es\\\/ca\\\/san-josep-al-cim\\\/\",\"name\":\"Festivitat de San Josep - Colegio Coraz\u00f3n Inmaculado de Mar\u00eda\",\"isPartOf\":{\"@id\":\"https:\\\/\\\/colegiocim.es\\\/#website\"},\"primaryImageOfPage\":{\"@id\":\"https:\\\/\\\/colegiocim.es\\\/ca\\\/san-josep-al-cim\\\/#primaryimage\"},\"image\":{\"@id\":\"https:\\\/\\\/colegiocim.es\\\/ca\\\/san-josep-al-cim\\\/#primaryimage\"},\"thumbnailUrl\":\"https:\\\/\\\/colegiocim.es\\\/wp-content\\\/uploads\\\/2021\\\/03\\\/SanJose.jpg\",\"datePublished\":\"2021-03-19T08:31:00+00:00\",\"dateModified\":\"2021-03-26T12:31:25+00:00\",\"breadcrumb\":{\"@id\":\"https:\\\/\\\/colegiocim.es\\\/ca\\\/san-josep-al-cim\\\/#breadcrumb\"},\"inLanguage\":\"ca\",\"potentialAction\":[{\"@type\":\"ReadAction\",\"target\":[\"https:\\\/\\\/colegiocim.es\\\/ca\\\/san-josep-al-cim\\\/\"]}]},{\"@type\":\"ImageObject\",\"inLanguage\":\"ca\",\"@id\":\"https:\\\/\\\/colegiocim.es\\\/ca\\\/san-josep-al-cim\\\/#primaryimage\",\"url\":\"https:\\\/\\\/colegiocim.es\\\/wp-content\\\/uploads\\\/2021\\\/03\\\/SanJose.jpg\",\"contentUrl\":\"https:\\\/\\\/colegiocim.es\\\/wp-content\\\/uploads\\\/2021\\\/03\\\/SanJose.jpg\",\"width\":200,\"height\":200},{\"@type\":\"BreadcrumbList\",\"@id\":\"https:\\\/\\\/colegiocim.es\\\/ca\\\/san-josep-al-cim\\\/#breadcrumb\",\"itemListElement\":[{\"@type\":\"ListItem\",\"position\":1,\"name\":\"Portada\",\"item\":\"https:\\\/\\\/colegiocim.es\\\/ca\\\/\"},{\"@type\":\"ListItem\",\"position\":2,\"name\":\"Festivitat de San Josep\"}]},{\"@type\":\"WebSite\",\"@id\":\"https:\\\/\\\/colegiocim.es\\\/#website\",\"url\":\"https:\\\/\\\/colegiocim.es\\\/\",\"name\":\"Colegio Coraz\u00f3n Inmaculado de Mar\u00eda\",\"description\":\"Colegio privado cat\u00f3lico en Sentmenat\",\"publisher\":{\"@id\":\"https:\\\/\\\/colegiocim.es\\\/#organization\"},\"potentialAction\":[{\"@type\":\"SearchAction\",\"target\":{\"@type\":\"EntryPoint\",\"urlTemplate\":\"https:\\\/\\\/colegiocim.es\\\/?s={search_term_string}\"},\"query-input\":{\"@type\":\"PropertyValueSpecification\",\"valueRequired\":true,\"valueName\":\"search_term_string\"}}],\"inLanguage\":\"ca\"},{\"@type\":\"Organization\",\"@id\":\"https:\\\/\\\/colegiocim.es\\\/#organization\",\"name\":\"Colegio Coraz\u00f3n Inmaculado de Mar\u00eda\",\"url\":\"https:\\\/\\\/colegiocim.es\\\/\",\"logo\":{\"@type\":\"ImageObject\",\"inLanguage\":\"ca\",\"@id\":\"https:\\\/\\\/colegiocim.es\\\/#\\\/schema\\\/logo\\\/image\\\/\",\"url\":\"https:\\\/\\\/www.colegiocim.es\\\/wp-content\\\/uploads\\\/2021\\\/03\\\/CCIM-ESP.png\",\"contentUrl\":\"https:\\\/\\\/www.colegiocim.es\\\/wp-content\\\/uploads\\\/2021\\\/03\\\/CCIM-ESP.png\",\"width\":357,\"height\":86,\"caption\":\"Colegio Coraz\u00f3n Inmaculado de Mar\u00eda\"},\"image\":{\"@id\":\"https:\\\/\\\/colegiocim.es\\\/#\\\/schema\\\/logo\\\/image\\\/\"},\"sameAs\":[\"https:\\\/\\\/facebook.com\\\/colegiocim\",\"https:\\\/\\\/x.com\\\/cimsentmenat\"]},{\"@type\":\"Person\",\"@id\":\"https:\\\/\\\/colegiocim.es\\\/#\\\/schema\\\/person\\\/26aab585685805d0acbea8a5646e314e\",\"name\":\"Mat\u00edas Cluet\",\"image\":{\"@type\":\"ImageObject\",\"inLanguage\":\"ca\",\"@id\":\"https:\\\/\\\/secure.gravatar.com\\\/avatar\\\/88fd60871505f232c9f0dddada52105c10879f0d1617a2be55fb2ca57f73c135?s=96&d=mm&r=g\",\"url\":\"https:\\\/\\\/secure.gravatar.com\\\/avatar\\\/88fd60871505f232c9f0dddada52105c10879f0d1617a2be55fb2ca57f73c135?s=96&d=mm&r=g\",\"contentUrl\":\"https:\\\/\\\/secure.gravatar.com\\\/avatar\\\/88fd60871505f232c9f0dddada52105c10879f0d1617a2be55fb2ca57f73c135?s=96&d=mm&r=g\",\"caption\":\"Mat\u00edas Cluet\"}}]}<\/script>\n<!-- \/ Yoast SEO plugin. -->","yoast_head_json":{"title":"Festivitat de San Josep - Colegio Coraz\u00f3n Inmaculado de Mar\u00eda","robots":{"index":"noindex","follow":"follow"},"og_locale":"ca_ES","og_type":"article","og_title":"Festivitat de San Josep - Colegio Coraz\u00f3n Inmaculado de Mar\u00eda","og_description":"Al col\u00b7legi Cor Immaculat de Maria hem celebrat la Festivitat de Sant Josep en honor als nostres estimats pares. Al llarg de tot el mes hem anat preparant el detallet que, com cada any, els hi dediquem. Malgrat la situaci\u00f3 Covid, no hem volgut suspendre la celebraci\u00f3 d\u2019aquesta festa. Altres anys, era un motiu de [&hellip;]","og_url":"https:\/\/colegiocim.es\/ca\/san-josep-al-cim\/","og_site_name":"Colegio Coraz\u00f3n Inmaculado de Mar\u00eda","article_publisher":"https:\/\/facebook.com\/colegiocim","article_published_time":"2021-03-19T08:31:00+00:00","article_modified_time":"2021-03-26T12:31:25+00:00","og_image":[{"width":200,"height":200,"url":"https:\/\/colegiocim.es\/wp-content\/uploads\/2021\/03\/SanJose.jpg","type":"image\/jpeg"}],"author":"Mat\u00edas Cluet","twitter_card":"summary_large_image","twitter_creator":"@cimsentmenat","twitter_site":"@cimsentmenat","twitter_misc":{"Escrit per":"Mat\u00edas Cluet","Temps estimat de lectura":"1 minut"},"schema":{"@context":"https:\/\/schema.org","@graph":[{"@type":"Article","@id":"https:\/\/colegiocim.es\/ca\/san-josep-al-cim\/#article","isPartOf":{"@id":"https:\/\/colegiocim.es\/ca\/san-josep-al-cim\/"},"author":{"name":"Mat\u00edas Cluet","@id":"https:\/\/colegiocim.es\/#\/schema\/person\/26aab585685805d0acbea8a5646e314e"},"headline":"Festivitat de San Josep","datePublished":"2021-03-19T08:31:00+00:00","dateModified":"2021-03-26T12:31:25+00:00","mainEntityOfPage":{"@id":"https:\/\/colegiocim.es\/ca\/san-josep-al-cim\/"},"wordCount":177,"commentCount":0,"publisher":{"@id":"https:\/\/colegiocim.es\/#organization"},"image":{"@id":"https:\/\/colegiocim.es\/ca\/san-josep-al-cim\/#primaryimage"},"thumbnailUrl":"https:\/\/colegiocim.es\/wp-content\/uploads\/2021\/03\/SanJose.jpg","articleSection":["Religioses - General"],"inLanguage":"ca","potentialAction":[{"@type":"CommentAction","name":"Comment","target":["https:\/\/colegiocim.es\/ca\/san-josep-al-cim\/#respond"]}]},{"@type":"WebPage","@id":"https:\/\/colegiocim.es\/ca\/san-josep-al-cim\/","url":"https:\/\/colegiocim.es\/ca\/san-josep-al-cim\/","name":"Festivitat de San Josep - Colegio Coraz\u00f3n Inmaculado de Mar\u00eda","isPartOf":{"@id":"https:\/\/colegiocim.es\/#website"},"primaryImageOfPage":{"@id":"https:\/\/colegiocim.es\/ca\/san-josep-al-cim\/#primaryimage"},"image":{"@id":"https:\/\/colegiocim.es\/ca\/san-josep-al-cim\/#primaryimage"},"thumbnailUrl":"https:\/\/colegiocim.es\/wp-content\/uploads\/2021\/03\/SanJose.jpg","datePublished":"2021-03-19T08:31:00+00:00","dateModified":"2021-03-26T12:31:25+00:00","breadcrumb":{"@id":"https:\/\/colegiocim.es\/ca\/san-josep-al-cim\/#breadcrumb"},"inLanguage":"ca","potentialAction":[{"@type":"ReadAction","target":["https:\/\/colegiocim.es\/ca\/san-josep-al-cim\/"]}]},{"@type":"ImageObject","inLanguage":"ca","@id":"https:\/\/colegiocim.es\/ca\/san-josep-al-cim\/#primaryimage","url":"https:\/\/colegiocim.es\/wp-content\/uploads\/2021\/03\/SanJose.jpg","contentUrl":"https:\/\/colegiocim.es\/wp-content\/uploads\/2021\/03\/SanJose.jpg","width":200,"height":200},{"@type":"BreadcrumbList","@id":"https:\/\/colegiocim.es\/ca\/san-josep-al-cim\/#breadcrumb","itemListElement":[{"@type":"ListItem","position":1,"name":"Portada","item":"https:\/\/colegiocim.es\/ca\/"},{"@type":"ListItem","position":2,"name":"Festivitat de San Josep"}]},{"@type":"WebSite","@id":"https:\/\/colegiocim.es\/#website","url":"https:\/\/colegiocim.es\/","name":"Colegio Coraz\u00f3n Inmaculado de Mar\u00eda","description":"Colegio privado cat\u00f3lico en Sentmenat","publisher":{"@id":"https:\/\/colegiocim.es\/#organization"},"potentialAction":[{"@type":"SearchAction","target":{"@type":"EntryPoint","urlTemplate":"https:\/\/colegiocim.es\/?s={search_term_string}"},"query-input":{"@type":"PropertyValueSpecification","valueRequired":true,"valueName":"search_term_string"}}],"inLanguage":"ca"},{"@type":"Organization","@id":"https:\/\/colegiocim.es\/#organization","name":"Colegio Coraz\u00f3n Inmaculado de Mar\u00eda","url":"https:\/\/colegiocim.es\/","logo":{"@type":"ImageObject","inLanguage":"ca","@id":"https:\/\/colegiocim.es\/#\/schema\/logo\/image\/","url":"https:\/\/www.colegiocim.es\/wp-content\/uploads\/2021\/03\/CCIM-ESP.png","contentUrl":"https:\/\/www.colegiocim.es\/wp-content\/uploads\/2021\/03\/CCIM-ESP.png","width":357,"height":86,"caption":"Colegio Coraz\u00f3n Inmaculado de Mar\u00eda"},"image":{"@id":"https:\/\/colegiocim.es\/#\/schema\/logo\/image\/"},"sameAs":["https:\/\/facebook.com\/colegiocim","https:\/\/x.com\/cimsentmenat"]},{"@type":"Person","@id":"https:\/\/colegiocim.es\/#\/schema\/person\/26aab585685805d0acbea8a5646e314e","name":"Mat\u00edas Cluet","image":{"@type":"ImageObject","inLanguage":"ca","@id":"https:\/\/secure.gravatar.com\/avatar\/88fd60871505f232c9f0dddada52105c10879f0d1617a2be55fb2ca57f73c135?s=96&d=mm&r=g","url":"https:\/\/secure.gravatar.com\/avatar\/88fd60871505f232c9f0dddada52105c10879f0d1617a2be55fb2ca57f73c135?s=96&d=mm&r=g","contentUrl":"https:\/\/secure.gravatar.com\/avatar\/88fd60871505f232c9f0dddada52105c10879f0d1617a2be55fb2ca57f73c135?s=96&d=mm&r=g","caption":"Mat\u00edas Cluet"}}]}},"_links":{"self":[{"href":"https:\/\/colegiocim.es\/ca\/wp-json\/wp\/v2\/posts\/1437","targetHints":{"allow":["GET"]}}],"collection":[{"href":"https:\/\/colegiocim.es\/ca\/wp-json\/wp\/v2\/posts"}],"about":[{"href":"https:\/\/colegiocim.es\/ca\/wp-json\/wp\/v2\/types\/post"}],"author":[{"embeddable":true,"href":"https:\/\/colegiocim.es\/ca\/wp-json\/wp\/v2\/users\/6"}],"replies":[{"embeddable":true,"href":"https:\/\/colegiocim.es\/ca\/wp-json\/wp\/v2\/comments?post=1437"}],"version-history":[{"count":0,"href":"https:\/\/colegiocim.es\/ca\/wp-json\/wp\/v2\/posts\/1437\/revisions"}],"wp:featuredmedia":[{"embeddable":true,"href":"https:\/\/colegiocim.es\/ca\/wp-json\/wp\/v2\/media\/1433"}],"wp:attachment":[{"href":"https:\/\/colegiocim.es\/ca\/wp-json\/wp\/v2\/media?parent=1437"}],"wp:term":[{"taxonomy":"category","embeddable":true,"href":"https:\/\/colegiocim.es\/ca\/wp-json\/wp\/v2\/categories?post=1437"},{"taxonomy":"post_tag","embeddable":true,"href":"https:\/\/colegiocim.es\/ca\/wp-json\/wp\/v2\/tags?post=1437"}],"curies":[{"name":"wp","href":"https:\/\/api.w.org\/{rel}","templated":true}]}}