{"id":1439,"date":"2021-03-02T10:21:42","date_gmt":"2021-03-02T09:21:42","guid":{"rendered":"https:\/\/www.colegiocim.es\/estrenem-nou-web\/"},"modified":"2021-03-26T10:59:22","modified_gmt":"2021-03-26T09:59:22","slug":"estrenem-nou-web","status":"publish","type":"post","link":"https:\/\/colegiocim.es\/ca\/estrenem-nou-web\/","title":{"rendered":"Estrenem nou web"},"content":{"rendered":"\n<p>Avui al Col\u00b7legi CIM estem d&#8217;estrena. Estem molt contents de posar en marxa la nostra nova web: un nou espai a la xarxa m\u00e9s modern i atractiu al que hi podr\u00e0 trobar tota la informaci\u00f3 de l&#8217;escola. Aqu\u00ed els alumnes s\u00f3n els protagonistes i tot en un disseny molt m\u00e9s visual.<\/p>\n\n<p>A m\u00e9s, ara que cada vegada es navega m\u00e9s per Internet des dels dispositius m\u00f2bils, tamb\u00e9 hem fet una aposta decidida per l&#8217;accesibilitat: la nova web es pot visualitzar perfectament des de qualsevol dispositiu, ja sigui un ordinador, un tel\u00e8fon m\u00f2bil o una tauleta.<\/p>\n\n<p>Esperem que la disfruteu molt i ens feu arribar els vostres comentaris!<\/p>\n","protected":false},"excerpt":{"rendered":"<p>Avui al Col\u00b7legi CIM estem d&#8217;estrena. Estem molt contents de posar en marxa la nostra nova web: un nou espai a la xarxa m\u00e9s modern i atractiu al que hi podr\u00e0 trobar tota la informaci\u00f3 de l&#8217;escola. Aqu\u00ed els alumnes s\u00f3n els protagonistes i tot en un disseny molt m\u00e9s visual. A m\u00e9s, ara que [&hellip;]<\/p>\n","protected":false},"author":6,"featured_media":140,"comment_status":"closed","ping_status":"closed","sticky":false,"template":"","format":"standard","meta":{"footnotes":""},"categories":[2],"tags":[],"class_list":["post-1439","post","type-post","status-publish","format-standard","has-post-thumbnail","hentry","category-sense-categoria"],"yoast_head":"<!-- This site is optimized with the Yoast SEO plugin v27.5 - https:\/\/yoast.com\/product\/yoast-seo-wordpress\/ -->\n<title>Estrenem nou web - Colegio Coraz\u00f3n Inmaculado de Mar\u00eda<\/title>\n<meta name=\"robots\" content=\"noindex, follow\" \/>\n<meta property=\"og:locale\" content=\"ca_ES\" \/>\n<meta property=\"og:type\" content=\"article\" \/>\n<meta property=\"og:title\" content=\"Estrenem nou web - Colegio Coraz\u00f3n Inmaculado de Mar\u00eda\" \/>\n<meta property=\"og:description\" content=\"Avui al Col\u00b7legi CIM estem d&#8217;estrena. Estem molt contents de posar en marxa la nostra nova web: un nou espai a la xarxa m\u00e9s modern i atractiu al que hi podr\u00e0 trobar tota la informaci\u00f3 de l&#8217;escola. Aqu\u00ed els alumnes s\u00f3n els protagonistes i tot en un disseny molt m\u00e9s visual. A m\u00e9s, ara que [&hellip;]\" \/>\n<meta property=\"og:url\" content=\"https:\/\/colegiocim.es\/ca\/estrenem-nou-web\/\" \/>\n<meta property=\"og:site_name\" content=\"Colegio Coraz\u00f3n Inmaculado de Mar\u00eda\" \/>\n<meta property=\"article:publisher\" content=\"https:\/\/facebook.com\/colegiocim\" \/>\n<meta property=\"article:published_time\" content=\"2021-03-02T09:21:42+00:00\" \/>\n<meta property=\"article:modified_time\" content=\"2021-03-26T09:59:22+00:00\" \/>\n<meta property=\"og:image\" content=\"https:\/\/colegiocim.es\/wp-content\/uploads\/2021\/03\/Cim-241.jpg\" \/>\n\t<meta property=\"og:image:width\" content=\"1000\" \/>\n\t<meta property=\"og:image:height\" content=\"667\" \/>\n\t<meta property=\"og:image:type\" content=\"image\/jpeg\" \/>\n<meta name=\"author\" content=\"Mat\u00edas Cluet\" \/>\n<meta name=\"twitter:card\" content=\"summary_large_image\" \/>\n<meta name=\"twitter:creator\" content=\"@cimsentmenat\" \/>\n<meta name=\"twitter:site\" content=\"@cimsentmenat\" \/>\n<meta name=\"twitter:label1\" content=\"Escrit per\" \/>\n\t<meta name=\"twitter:data1\" content=\"Mat\u00edas Cluet\" \/>\n\t<meta name=\"twitter:label2\" content=\"Temps estimat de lectura\" \/>\n\t<meta name=\"twitter:data2\" content=\"1 minut\" \/>\n<script type=\"application\/ld+json\" class=\"yoast-schema-graph\">{\"@context\":\"https:\\\/\\\/schema.org\",\"@graph\":[{\"@type\":\"Article\",\"@id\":\"https:\\\/\\\/colegiocim.es\\\/ca\\\/estrenem-nou-web\\\/#article\",\"isPartOf\":{\"@id\":\"https:\\\/\\\/colegiocim.es\\\/ca\\\/estrenem-nou-web\\\/\"},\"author\":{\"name\":\"Mat\u00edas Cluet\",\"@id\":\"https:\\\/\\\/colegiocim.es\\\/#\\\/schema\\\/person\\\/26aab585685805d0acbea8a5646e314e\"},\"headline\":\"Estrenem nou web\",\"datePublished\":\"2021-03-02T09:21:42+00:00\",\"dateModified\":\"2021-03-26T09:59:22+00:00\",\"mainEntityOfPage\":{\"@id\":\"https:\\\/\\\/colegiocim.es\\\/ca\\\/estrenem-nou-web\\\/\"},\"wordCount\":119,\"publisher\":{\"@id\":\"https:\\\/\\\/colegiocim.es\\\/#organization\"},\"image\":{\"@id\":\"https:\\\/\\\/colegiocim.es\\\/ca\\\/estrenem-nou-web\\\/#primaryimage\"},\"thumbnailUrl\":\"https:\\\/\\\/colegiocim.es\\\/wp-content\\\/uploads\\\/2021\\\/03\\\/Cim-241.jpg\",\"inLanguage\":\"ca\"},{\"@type\":\"WebPage\",\"@id\":\"https:\\\/\\\/colegiocim.es\\\/ca\\\/estrenem-nou-web\\\/\",\"url\":\"https:\\\/\\\/colegiocim.es\\\/ca\\\/estrenem-nou-web\\\/\",\"name\":\"Estrenem nou web - Colegio Coraz\u00f3n Inmaculado de Mar\u00eda\",\"isPartOf\":{\"@id\":\"https:\\\/\\\/colegiocim.es\\\/#website\"},\"primaryImageOfPage\":{\"@id\":\"https:\\\/\\\/colegiocim.es\\\/ca\\\/estrenem-nou-web\\\/#primaryimage\"},\"image\":{\"@id\":\"https:\\\/\\\/colegiocim.es\\\/ca\\\/estrenem-nou-web\\\/#primaryimage\"},\"thumbnailUrl\":\"https:\\\/\\\/colegiocim.es\\\/wp-content\\\/uploads\\\/2021\\\/03\\\/Cim-241.jpg\",\"datePublished\":\"2021-03-02T09:21:42+00:00\",\"dateModified\":\"2021-03-26T09:59:22+00:00\",\"breadcrumb\":{\"@id\":\"https:\\\/\\\/colegiocim.es\\\/ca\\\/estrenem-nou-web\\\/#breadcrumb\"},\"inLanguage\":\"ca\",\"potentialAction\":[{\"@type\":\"ReadAction\",\"target\":[\"https:\\\/\\\/colegiocim.es\\\/ca\\\/estrenem-nou-web\\\/\"]}]},{\"@type\":\"ImageObject\",\"inLanguage\":\"ca\",\"@id\":\"https:\\\/\\\/colegiocim.es\\\/ca\\\/estrenem-nou-web\\\/#primaryimage\",\"url\":\"https:\\\/\\\/colegiocim.es\\\/wp-content\\\/uploads\\\/2021\\\/03\\\/Cim-241.jpg\",\"contentUrl\":\"https:\\\/\\\/colegiocim.es\\\/wp-content\\\/uploads\\\/2021\\\/03\\\/Cim-241.jpg\",\"width\":1000,\"height\":667},{\"@type\":\"BreadcrumbList\",\"@id\":\"https:\\\/\\\/colegiocim.es\\\/ca\\\/estrenem-nou-web\\\/#breadcrumb\",\"itemListElement\":[{\"@type\":\"ListItem\",\"position\":1,\"name\":\"Portada\",\"item\":\"https:\\\/\\\/colegiocim.es\\\/ca\\\/\"},{\"@type\":\"ListItem\",\"position\":2,\"name\":\"Estrenem nou web\"}]},{\"@type\":\"WebSite\",\"@id\":\"https:\\\/\\\/colegiocim.es\\\/#website\",\"url\":\"https:\\\/\\\/colegiocim.es\\\/\",\"name\":\"Colegio Coraz\u00f3n Inmaculado de Mar\u00eda\",\"description\":\"Colegio privado cat\u00f3lico en Sentmenat\",\"publisher\":{\"@id\":\"https:\\\/\\\/colegiocim.es\\\/#organization\"},\"potentialAction\":[{\"@type\":\"SearchAction\",\"target\":{\"@type\":\"EntryPoint\",\"urlTemplate\":\"https:\\\/\\\/colegiocim.es\\\/?s={search_term_string}\"},\"query-input\":{\"@type\":\"PropertyValueSpecification\",\"valueRequired\":true,\"valueName\":\"search_term_string\"}}],\"inLanguage\":\"ca\"},{\"@type\":\"Organization\",\"@id\":\"https:\\\/\\\/colegiocim.es\\\/#organization\",\"name\":\"Colegio Coraz\u00f3n Inmaculado de Mar\u00eda\",\"url\":\"https:\\\/\\\/colegiocim.es\\\/\",\"logo\":{\"@type\":\"ImageObject\",\"inLanguage\":\"ca\",\"@id\":\"https:\\\/\\\/colegiocim.es\\\/#\\\/schema\\\/logo\\\/image\\\/\",\"url\":\"https:\\\/\\\/www.colegiocim.es\\\/wp-content\\\/uploads\\\/2021\\\/03\\\/CCIM-ESP.png\",\"contentUrl\":\"https:\\\/\\\/www.colegiocim.es\\\/wp-content\\\/uploads\\\/2021\\\/03\\\/CCIM-ESP.png\",\"width\":357,\"height\":86,\"caption\":\"Colegio Coraz\u00f3n Inmaculado de Mar\u00eda\"},\"image\":{\"@id\":\"https:\\\/\\\/colegiocim.es\\\/#\\\/schema\\\/logo\\\/image\\\/\"},\"sameAs\":[\"https:\\\/\\\/facebook.com\\\/colegiocim\",\"https:\\\/\\\/x.com\\\/cimsentmenat\"]},{\"@type\":\"Person\",\"@id\":\"https:\\\/\\\/colegiocim.es\\\/#\\\/schema\\\/person\\\/26aab585685805d0acbea8a5646e314e\",\"name\":\"Mat\u00edas Cluet\",\"image\":{\"@type\":\"ImageObject\",\"inLanguage\":\"ca\",\"@id\":\"https:\\\/\\\/secure.gravatar.com\\\/avatar\\\/88fd60871505f232c9f0dddada52105c10879f0d1617a2be55fb2ca57f73c135?s=96&d=mm&r=g\",\"url\":\"https:\\\/\\\/secure.gravatar.com\\\/avatar\\\/88fd60871505f232c9f0dddada52105c10879f0d1617a2be55fb2ca57f73c135?s=96&d=mm&r=g\",\"contentUrl\":\"https:\\\/\\\/secure.gravatar.com\\\/avatar\\\/88fd60871505f232c9f0dddada52105c10879f0d1617a2be55fb2ca57f73c135?s=96&d=mm&r=g\",\"caption\":\"Mat\u00edas Cluet\"}}]}<\/script>\n<!-- \/ Yoast SEO plugin. -->","yoast_head_json":{"title":"Estrenem nou web - Colegio Coraz\u00f3n Inmaculado de Mar\u00eda","robots":{"index":"noindex","follow":"follow"},"og_locale":"ca_ES","og_type":"article","og_title":"Estrenem nou web - Colegio Coraz\u00f3n Inmaculado de Mar\u00eda","og_description":"Avui al Col\u00b7legi CIM estem d&#8217;estrena. Estem molt contents de posar en marxa la nostra nova web: un nou espai a la xarxa m\u00e9s modern i atractiu al que hi podr\u00e0 trobar tota la informaci\u00f3 de l&#8217;escola. Aqu\u00ed els alumnes s\u00f3n els protagonistes i tot en un disseny molt m\u00e9s visual. A m\u00e9s, ara que [&hellip;]","og_url":"https:\/\/colegiocim.es\/ca\/estrenem-nou-web\/","og_site_name":"Colegio Coraz\u00f3n Inmaculado de Mar\u00eda","article_publisher":"https:\/\/facebook.com\/colegiocim","article_published_time":"2021-03-02T09:21:42+00:00","article_modified_time":"2021-03-26T09:59:22+00:00","og_image":[{"width":1000,"height":667,"url":"https:\/\/colegiocim.es\/wp-content\/uploads\/2021\/03\/Cim-241.jpg","type":"image\/jpeg"}],"author":"Mat\u00edas Cluet","twitter_card":"summary_large_image","twitter_creator":"@cimsentmenat","twitter_site":"@cimsentmenat","twitter_misc":{"Escrit per":"Mat\u00edas Cluet","Temps estimat de lectura":"1 minut"},"schema":{"@context":"https:\/\/schema.org","@graph":[{"@type":"Article","@id":"https:\/\/colegiocim.es\/ca\/estrenem-nou-web\/#article","isPartOf":{"@id":"https:\/\/colegiocim.es\/ca\/estrenem-nou-web\/"},"author":{"name":"Mat\u00edas Cluet","@id":"https:\/\/colegiocim.es\/#\/schema\/person\/26aab585685805d0acbea8a5646e314e"},"headline":"Estrenem nou web","datePublished":"2021-03-02T09:21:42+00:00","dateModified":"2021-03-26T09:59:22+00:00","mainEntityOfPage":{"@id":"https:\/\/colegiocim.es\/ca\/estrenem-nou-web\/"},"wordCount":119,"publisher":{"@id":"https:\/\/colegiocim.es\/#organization"},"image":{"@id":"https:\/\/colegiocim.es\/ca\/estrenem-nou-web\/#primaryimage"},"thumbnailUrl":"https:\/\/colegiocim.es\/wp-content\/uploads\/2021\/03\/Cim-241.jpg","inLanguage":"ca"},{"@type":"WebPage","@id":"https:\/\/colegiocim.es\/ca\/estrenem-nou-web\/","url":"https:\/\/colegiocim.es\/ca\/estrenem-nou-web\/","name":"Estrenem nou web - Colegio Coraz\u00f3n Inmaculado de Mar\u00eda","isPartOf":{"@id":"https:\/\/colegiocim.es\/#website"},"primaryImageOfPage":{"@id":"https:\/\/colegiocim.es\/ca\/estrenem-nou-web\/#primaryimage"},"image":{"@id":"https:\/\/colegiocim.es\/ca\/estrenem-nou-web\/#primaryimage"},"thumbnailUrl":"https:\/\/colegiocim.es\/wp-content\/uploads\/2021\/03\/Cim-241.jpg","datePublished":"2021-03-02T09:21:42+00:00","dateModified":"2021-03-26T09:59:22+00:00","breadcrumb":{"@id":"https:\/\/colegiocim.es\/ca\/estrenem-nou-web\/#breadcrumb"},"inLanguage":"ca","potentialAction":[{"@type":"ReadAction","target":["https:\/\/colegiocim.es\/ca\/estrenem-nou-web\/"]}]},{"@type":"ImageObject","inLanguage":"ca","@id":"https:\/\/colegiocim.es\/ca\/estrenem-nou-web\/#primaryimage","url":"https:\/\/colegiocim.es\/wp-content\/uploads\/2021\/03\/Cim-241.jpg","contentUrl":"https:\/\/colegiocim.es\/wp-content\/uploads\/2021\/03\/Cim-241.jpg","width":1000,"height":667},{"@type":"BreadcrumbList","@id":"https:\/\/colegiocim.es\/ca\/estrenem-nou-web\/#breadcrumb","itemListElement":[{"@type":"ListItem","position":1,"name":"Portada","item":"https:\/\/colegiocim.es\/ca\/"},{"@type":"ListItem","position":2,"name":"Estrenem nou web"}]},{"@type":"WebSite","@id":"https:\/\/colegiocim.es\/#website","url":"https:\/\/colegiocim.es\/","name":"Colegio Coraz\u00f3n Inmaculado de Mar\u00eda","description":"Colegio privado cat\u00f3lico en Sentmenat","publisher":{"@id":"https:\/\/colegiocim.es\/#organization"},"potentialAction":[{"@type":"SearchAction","target":{"@type":"EntryPoint","urlTemplate":"https:\/\/colegiocim.es\/?s={search_term_string}"},"query-input":{"@type":"PropertyValueSpecification","valueRequired":true,"valueName":"search_term_string"}}],"inLanguage":"ca"},{"@type":"Organization","@id":"https:\/\/colegiocim.es\/#organization","name":"Colegio Coraz\u00f3n Inmaculado de Mar\u00eda","url":"https:\/\/colegiocim.es\/","logo":{"@type":"ImageObject","inLanguage":"ca","@id":"https:\/\/colegiocim.es\/#\/schema\/logo\/image\/","url":"https:\/\/www.colegiocim.es\/wp-content\/uploads\/2021\/03\/CCIM-ESP.png","contentUrl":"https:\/\/www.colegiocim.es\/wp-content\/uploads\/2021\/03\/CCIM-ESP.png","width":357,"height":86,"caption":"Colegio Coraz\u00f3n Inmaculado de Mar\u00eda"},"image":{"@id":"https:\/\/colegiocim.es\/#\/schema\/logo\/image\/"},"sameAs":["https:\/\/facebook.com\/colegiocim","https:\/\/x.com\/cimsentmenat"]},{"@type":"Person","@id":"https:\/\/colegiocim.es\/#\/schema\/person\/26aab585685805d0acbea8a5646e314e","name":"Mat\u00edas Cluet","image":{"@type":"ImageObject","inLanguage":"ca","@id":"https:\/\/secure.gravatar.com\/avatar\/88fd60871505f232c9f0dddada52105c10879f0d1617a2be55fb2ca57f73c135?s=96&d=mm&r=g","url":"https:\/\/secure.gravatar.com\/avatar\/88fd60871505f232c9f0dddada52105c10879f0d1617a2be55fb2ca57f73c135?s=96&d=mm&r=g","contentUrl":"https:\/\/secure.gravatar.com\/avatar\/88fd60871505f232c9f0dddada52105c10879f0d1617a2be55fb2ca57f73c135?s=96&d=mm&r=g","caption":"Mat\u00edas Cluet"}}]}},"_links":{"self":[{"href":"https:\/\/colegiocim.es\/ca\/wp-json\/wp\/v2\/posts\/1439","targetHints":{"allow":["GET"]}}],"collection":[{"href":"https:\/\/colegiocim.es\/ca\/wp-json\/wp\/v2\/posts"}],"about":[{"href":"https:\/\/colegiocim.es\/ca\/wp-json\/wp\/v2\/types\/post"}],"author":[{"embeddable":true,"href":"https:\/\/colegiocim.es\/ca\/wp-json\/wp\/v2\/users\/6"}],"replies":[{"embeddable":true,"href":"https:\/\/colegiocim.es\/ca\/wp-json\/wp\/v2\/comments?post=1439"}],"version-history":[{"count":0,"href":"https:\/\/colegiocim.es\/ca\/wp-json\/wp\/v2\/posts\/1439\/revisions"}],"wp:featuredmedia":[{"embeddable":true,"href":"https:\/\/colegiocim.es\/ca\/wp-json\/wp\/v2\/media\/140"}],"wp:attachment":[{"href":"https:\/\/colegiocim.es\/ca\/wp-json\/wp\/v2\/media?parent=1439"}],"wp:term":[{"taxonomy":"category","embeddable":true,"href":"https:\/\/colegiocim.es\/ca\/wp-json\/wp\/v2\/categories?post=1439"},{"taxonomy":"post_tag","embeddable":true,"href":"https:\/\/colegiocim.es\/ca\/wp-json\/wp\/v2\/tags?post=1439"}],"curies":[{"name":"wp","href":"https:\/\/api.w.org\/{rel}","templated":true}]}}