{"id":1447,"date":"2021-03-29T09:00:00","date_gmt":"2021-03-29T07:00:00","guid":{"rendered":"https:\/\/www.colegiocim.es\/?p=1447"},"modified":"2021-03-29T10:36:13","modified_gmt":"2021-03-29T08:36:13","slug":"hort-al-cim","status":"publish","type":"post","link":"https:\/\/colegiocim.es\/ca\/hort-al-cim\/","title":{"rendered":"Hort al CIM"},"content":{"rendered":"\n<p>Amb l\u2019arribada del bon temps, reobrim l\u2019hort. <\/p>\n\n\n\n<p>Des de l\u2019escola volem apropar l\u2019entorn i la natura als infants d\u2019Educaci\u00f3 Infantil. Per aix\u00f2, i com cada any, hem treballat l\u2019hort i hem plantat maduixes, enciam, ceba vermella i pastanaga. D\u2019aqu\u00ed poc, els nens i nenes podran comen\u00e7ar a veure l\u2019evoluci\u00f3 de les plantes i recollir els fruits. <\/p>\n\n\n\n<p>Els <strong>objectius<\/strong> que ens proposem s\u00f3n: <\/p>\n\n\n\n<ul class=\"wp-block-list\"><li>Apropar la natura als m\u00e9s petits de l\u2019escola. <\/li><li>Establir un contacte directe i manipulatiu amb l\u2019hort, treballant-lo i cuidant-lo. <\/li><\/ul>\n\n\n\n<ul class=\"wp-block-list\"><li>Crear una actitud de respecte cap a l\u2019entorn proper. <\/li><li>Observar i experimentar l\u2019evoluci\u00f3 dels \u00e9ssers vius, en aquest cas, les plantes i, veure les seves necessitats. <\/li><li>Oferir l\u2019aprenentatge de diferents \u00e0rees, de manera interdisciplin\u00e0ria. <\/li><li>Possibilitar el gaudi i la motivaci\u00f3 envers els treballs agr\u00edcoles. <\/li><li>Establir relacions de confian\u00e7a entre companys, treballant en equip per millorar l\u2019estat de l\u2019hort. <\/li><\/ul>\n\n\n\n<figure class=\"wp-block-embed is-type-video is-provider-youtube wp-block-embed-youtube wp-embed-aspect-4-3 wp-has-aspect-ratio\"><div class=\"wp-block-embed__wrapper\">\n<iframe title=\"HORT al Col\u00b7legi Cor Immaculat de Maria (CIM) de Sentmenat\" width=\"800\" height=\"600\" src=\"https:\/\/www.youtube.com\/embed\/oEYlxqfkrk4?feature=oembed\" frameborder=\"0\" allow=\"accelerometer; autoplay; clipboard-write; encrypted-media; gyroscope; picture-in-picture\" allowfullscreen><\/iframe>\n<\/div><\/figure>\n\n\n\n<p>Volem agrair especialment a la fam\u00edlia Carrasco Hidalgo, que ha fet possible la renovaci\u00f3 de l\u2019hort escolar. Un gran treball! <\/p>\n","protected":false},"excerpt":{"rendered":"<p>Amb l\u2019arribada del bon temps, reobrim l\u2019hort. Des de l\u2019escola volem apropar l\u2019entorn i la natura als infants d\u2019Educaci\u00f3 Infantil. Per aix\u00f2, i com cada any, hem treballat l\u2019hort i hem plantat maduixes, enciam, ceba vermella i pastanaga. D\u2019aqu\u00ed poc, els nens i nenes podran comen\u00e7ar a veure l\u2019evoluci\u00f3 de les plantes i recollir els [&hellip;]<\/p>\n","protected":false},"author":6,"featured_media":1446,"comment_status":"open","ping_status":"open","sticky":false,"template":"","format":"standard","meta":{"footnotes":""},"categories":[39],"tags":[],"class_list":["post-1447","post","type-post","status-publish","format-standard","has-post-thumbnail","hentry","category-infantil-ca"],"yoast_head":"<!-- This site is optimized with the Yoast SEO plugin v27.5 - https:\/\/yoast.com\/product\/yoast-seo-wordpress\/ -->\n<title>Hort al CIM - Colegio Coraz\u00f3n Inmaculado de Mar\u00eda<\/title>\n<meta name=\"robots\" content=\"noindex, follow\" \/>\n<meta property=\"og:locale\" content=\"ca_ES\" \/>\n<meta property=\"og:type\" content=\"article\" \/>\n<meta property=\"og:title\" content=\"Hort al CIM - Colegio Coraz\u00f3n Inmaculado de Mar\u00eda\" \/>\n<meta property=\"og:description\" content=\"Amb l\u2019arribada del bon temps, reobrim l\u2019hort. Des de l\u2019escola volem apropar l\u2019entorn i la natura als infants d\u2019Educaci\u00f3 Infantil. Per aix\u00f2, i com cada any, hem treballat l\u2019hort i hem plantat maduixes, enciam, ceba vermella i pastanaga. D\u2019aqu\u00ed poc, els nens i nenes podran comen\u00e7ar a veure l\u2019evoluci\u00f3 de les plantes i recollir els [&hellip;]\" \/>\n<meta property=\"og:url\" content=\"https:\/\/colegiocim.es\/ca\/hort-al-cim\/\" \/>\n<meta property=\"og:site_name\" content=\"Colegio Coraz\u00f3n Inmaculado de Mar\u00eda\" \/>\n<meta property=\"article:publisher\" content=\"https:\/\/facebook.com\/colegiocim\" \/>\n<meta property=\"article:published_time\" content=\"2021-03-29T07:00:00+00:00\" \/>\n<meta property=\"article:modified_time\" content=\"2021-03-29T08:36:13+00:00\" \/>\n<meta property=\"og:image\" content=\"https:\/\/colegiocim.es\/wp-content\/uploads\/2021\/03\/20191120_153228.jpg\" \/>\n\t<meta property=\"og:image:width\" content=\"1200\" \/>\n\t<meta property=\"og:image:height\" content=\"900\" \/>\n\t<meta property=\"og:image:type\" content=\"image\/jpeg\" \/>\n<meta name=\"author\" content=\"Mat\u00edas Cluet\" \/>\n<meta name=\"twitter:card\" content=\"summary_large_image\" \/>\n<meta name=\"twitter:creator\" content=\"@cimsentmenat\" \/>\n<meta name=\"twitter:site\" content=\"@cimsentmenat\" \/>\n<meta name=\"twitter:label1\" content=\"Escrit per\" \/>\n\t<meta name=\"twitter:data1\" content=\"Mat\u00edas Cluet\" \/>\n\t<meta name=\"twitter:label2\" content=\"Temps estimat de lectura\" \/>\n\t<meta name=\"twitter:data2\" content=\"1 minut\" \/>\n<script type=\"application\/ld+json\" class=\"yoast-schema-graph\">{\"@context\":\"https:\\\/\\\/schema.org\",\"@graph\":[{\"@type\":\"Article\",\"@id\":\"https:\\\/\\\/colegiocim.es\\\/ca\\\/hort-al-cim\\\/#article\",\"isPartOf\":{\"@id\":\"https:\\\/\\\/colegiocim.es\\\/ca\\\/hort-al-cim\\\/\"},\"author\":{\"name\":\"Mat\u00edas Cluet\",\"@id\":\"https:\\\/\\\/colegiocim.es\\\/#\\\/schema\\\/person\\\/26aab585685805d0acbea8a5646e314e\"},\"headline\":\"Hort al CIM\",\"datePublished\":\"2021-03-29T07:00:00+00:00\",\"dateModified\":\"2021-03-29T08:36:13+00:00\",\"mainEntityOfPage\":{\"@id\":\"https:\\\/\\\/colegiocim.es\\\/ca\\\/hort-al-cim\\\/\"},\"wordCount\":189,\"commentCount\":0,\"publisher\":{\"@id\":\"https:\\\/\\\/colegiocim.es\\\/#organization\"},\"image\":{\"@id\":\"https:\\\/\\\/colegiocim.es\\\/ca\\\/hort-al-cim\\\/#primaryimage\"},\"thumbnailUrl\":\"https:\\\/\\\/colegiocim.es\\\/wp-content\\\/uploads\\\/2021\\\/03\\\/20191120_153228.jpg\",\"articleSection\":[\"Infantil\"],\"inLanguage\":\"ca\",\"potentialAction\":[{\"@type\":\"CommentAction\",\"name\":\"Comment\",\"target\":[\"https:\\\/\\\/colegiocim.es\\\/ca\\\/hort-al-cim\\\/#respond\"]}]},{\"@type\":\"WebPage\",\"@id\":\"https:\\\/\\\/colegiocim.es\\\/ca\\\/hort-al-cim\\\/\",\"url\":\"https:\\\/\\\/colegiocim.es\\\/ca\\\/hort-al-cim\\\/\",\"name\":\"Hort al CIM - Colegio Coraz\u00f3n Inmaculado de Mar\u00eda\",\"isPartOf\":{\"@id\":\"https:\\\/\\\/colegiocim.es\\\/#website\"},\"primaryImageOfPage\":{\"@id\":\"https:\\\/\\\/colegiocim.es\\\/ca\\\/hort-al-cim\\\/#primaryimage\"},\"image\":{\"@id\":\"https:\\\/\\\/colegiocim.es\\\/ca\\\/hort-al-cim\\\/#primaryimage\"},\"thumbnailUrl\":\"https:\\\/\\\/colegiocim.es\\\/wp-content\\\/uploads\\\/2021\\\/03\\\/20191120_153228.jpg\",\"datePublished\":\"2021-03-29T07:00:00+00:00\",\"dateModified\":\"2021-03-29T08:36:13+00:00\",\"breadcrumb\":{\"@id\":\"https:\\\/\\\/colegiocim.es\\\/ca\\\/hort-al-cim\\\/#breadcrumb\"},\"inLanguage\":\"ca\",\"potentialAction\":[{\"@type\":\"ReadAction\",\"target\":[\"https:\\\/\\\/colegiocim.es\\\/ca\\\/hort-al-cim\\\/\"]}]},{\"@type\":\"ImageObject\",\"inLanguage\":\"ca\",\"@id\":\"https:\\\/\\\/colegiocim.es\\\/ca\\\/hort-al-cim\\\/#primaryimage\",\"url\":\"https:\\\/\\\/colegiocim.es\\\/wp-content\\\/uploads\\\/2021\\\/03\\\/20191120_153228.jpg\",\"contentUrl\":\"https:\\\/\\\/colegiocim.es\\\/wp-content\\\/uploads\\\/2021\\\/03\\\/20191120_153228.jpg\",\"width\":1200,\"height\":900},{\"@type\":\"BreadcrumbList\",\"@id\":\"https:\\\/\\\/colegiocim.es\\\/ca\\\/hort-al-cim\\\/#breadcrumb\",\"itemListElement\":[{\"@type\":\"ListItem\",\"position\":1,\"name\":\"Portada\",\"item\":\"https:\\\/\\\/colegiocim.es\\\/ca\\\/\"},{\"@type\":\"ListItem\",\"position\":2,\"name\":\"Hort al CIM\"}]},{\"@type\":\"WebSite\",\"@id\":\"https:\\\/\\\/colegiocim.es\\\/#website\",\"url\":\"https:\\\/\\\/colegiocim.es\\\/\",\"name\":\"Colegio Coraz\u00f3n Inmaculado de Mar\u00eda\",\"description\":\"Colegio privado cat\u00f3lico en Sentmenat\",\"publisher\":{\"@id\":\"https:\\\/\\\/colegiocim.es\\\/#organization\"},\"potentialAction\":[{\"@type\":\"SearchAction\",\"target\":{\"@type\":\"EntryPoint\",\"urlTemplate\":\"https:\\\/\\\/colegiocim.es\\\/?s={search_term_string}\"},\"query-input\":{\"@type\":\"PropertyValueSpecification\",\"valueRequired\":true,\"valueName\":\"search_term_string\"}}],\"inLanguage\":\"ca\"},{\"@type\":\"Organization\",\"@id\":\"https:\\\/\\\/colegiocim.es\\\/#organization\",\"name\":\"Colegio Coraz\u00f3n Inmaculado de Mar\u00eda\",\"url\":\"https:\\\/\\\/colegiocim.es\\\/\",\"logo\":{\"@type\":\"ImageObject\",\"inLanguage\":\"ca\",\"@id\":\"https:\\\/\\\/colegiocim.es\\\/#\\\/schema\\\/logo\\\/image\\\/\",\"url\":\"https:\\\/\\\/www.colegiocim.es\\\/wp-content\\\/uploads\\\/2021\\\/03\\\/CCIM-ESP.png\",\"contentUrl\":\"https:\\\/\\\/www.colegiocim.es\\\/wp-content\\\/uploads\\\/2021\\\/03\\\/CCIM-ESP.png\",\"width\":357,\"height\":86,\"caption\":\"Colegio Coraz\u00f3n Inmaculado de Mar\u00eda\"},\"image\":{\"@id\":\"https:\\\/\\\/colegiocim.es\\\/#\\\/schema\\\/logo\\\/image\\\/\"},\"sameAs\":[\"https:\\\/\\\/facebook.com\\\/colegiocim\",\"https:\\\/\\\/x.com\\\/cimsentmenat\"]},{\"@type\":\"Person\",\"@id\":\"https:\\\/\\\/colegiocim.es\\\/#\\\/schema\\\/person\\\/26aab585685805d0acbea8a5646e314e\",\"name\":\"Mat\u00edas Cluet\",\"image\":{\"@type\":\"ImageObject\",\"inLanguage\":\"ca\",\"@id\":\"https:\\\/\\\/secure.gravatar.com\\\/avatar\\\/88fd60871505f232c9f0dddada52105c10879f0d1617a2be55fb2ca57f73c135?s=96&d=mm&r=g\",\"url\":\"https:\\\/\\\/secure.gravatar.com\\\/avatar\\\/88fd60871505f232c9f0dddada52105c10879f0d1617a2be55fb2ca57f73c135?s=96&d=mm&r=g\",\"contentUrl\":\"https:\\\/\\\/secure.gravatar.com\\\/avatar\\\/88fd60871505f232c9f0dddada52105c10879f0d1617a2be55fb2ca57f73c135?s=96&d=mm&r=g\",\"caption\":\"Mat\u00edas Cluet\"}}]}<\/script>\n<!-- \/ Yoast SEO plugin. -->","yoast_head_json":{"title":"Hort al CIM - Colegio Coraz\u00f3n Inmaculado de Mar\u00eda","robots":{"index":"noindex","follow":"follow"},"og_locale":"ca_ES","og_type":"article","og_title":"Hort al CIM - Colegio Coraz\u00f3n Inmaculado de Mar\u00eda","og_description":"Amb l\u2019arribada del bon temps, reobrim l\u2019hort. Des de l\u2019escola volem apropar l\u2019entorn i la natura als infants d\u2019Educaci\u00f3 Infantil. Per aix\u00f2, i com cada any, hem treballat l\u2019hort i hem plantat maduixes, enciam, ceba vermella i pastanaga. D\u2019aqu\u00ed poc, els nens i nenes podran comen\u00e7ar a veure l\u2019evoluci\u00f3 de les plantes i recollir els [&hellip;]","og_url":"https:\/\/colegiocim.es\/ca\/hort-al-cim\/","og_site_name":"Colegio Coraz\u00f3n Inmaculado de Mar\u00eda","article_publisher":"https:\/\/facebook.com\/colegiocim","article_published_time":"2021-03-29T07:00:00+00:00","article_modified_time":"2021-03-29T08:36:13+00:00","og_image":[{"width":1200,"height":900,"url":"https:\/\/colegiocim.es\/wp-content\/uploads\/2021\/03\/20191120_153228.jpg","type":"image\/jpeg"}],"author":"Mat\u00edas Cluet","twitter_card":"summary_large_image","twitter_creator":"@cimsentmenat","twitter_site":"@cimsentmenat","twitter_misc":{"Escrit per":"Mat\u00edas Cluet","Temps estimat de lectura":"1 minut"},"schema":{"@context":"https:\/\/schema.org","@graph":[{"@type":"Article","@id":"https:\/\/colegiocim.es\/ca\/hort-al-cim\/#article","isPartOf":{"@id":"https:\/\/colegiocim.es\/ca\/hort-al-cim\/"},"author":{"name":"Mat\u00edas Cluet","@id":"https:\/\/colegiocim.es\/#\/schema\/person\/26aab585685805d0acbea8a5646e314e"},"headline":"Hort al CIM","datePublished":"2021-03-29T07:00:00+00:00","dateModified":"2021-03-29T08:36:13+00:00","mainEntityOfPage":{"@id":"https:\/\/colegiocim.es\/ca\/hort-al-cim\/"},"wordCount":189,"commentCount":0,"publisher":{"@id":"https:\/\/colegiocim.es\/#organization"},"image":{"@id":"https:\/\/colegiocim.es\/ca\/hort-al-cim\/#primaryimage"},"thumbnailUrl":"https:\/\/colegiocim.es\/wp-content\/uploads\/2021\/03\/20191120_153228.jpg","articleSection":["Infantil"],"inLanguage":"ca","potentialAction":[{"@type":"CommentAction","name":"Comment","target":["https:\/\/colegiocim.es\/ca\/hort-al-cim\/#respond"]}]},{"@type":"WebPage","@id":"https:\/\/colegiocim.es\/ca\/hort-al-cim\/","url":"https:\/\/colegiocim.es\/ca\/hort-al-cim\/","name":"Hort al CIM - Colegio Coraz\u00f3n Inmaculado de Mar\u00eda","isPartOf":{"@id":"https:\/\/colegiocim.es\/#website"},"primaryImageOfPage":{"@id":"https:\/\/colegiocim.es\/ca\/hort-al-cim\/#primaryimage"},"image":{"@id":"https:\/\/colegiocim.es\/ca\/hort-al-cim\/#primaryimage"},"thumbnailUrl":"https:\/\/colegiocim.es\/wp-content\/uploads\/2021\/03\/20191120_153228.jpg","datePublished":"2021-03-29T07:00:00+00:00","dateModified":"2021-03-29T08:36:13+00:00","breadcrumb":{"@id":"https:\/\/colegiocim.es\/ca\/hort-al-cim\/#breadcrumb"},"inLanguage":"ca","potentialAction":[{"@type":"ReadAction","target":["https:\/\/colegiocim.es\/ca\/hort-al-cim\/"]}]},{"@type":"ImageObject","inLanguage":"ca","@id":"https:\/\/colegiocim.es\/ca\/hort-al-cim\/#primaryimage","url":"https:\/\/colegiocim.es\/wp-content\/uploads\/2021\/03\/20191120_153228.jpg","contentUrl":"https:\/\/colegiocim.es\/wp-content\/uploads\/2021\/03\/20191120_153228.jpg","width":1200,"height":900},{"@type":"BreadcrumbList","@id":"https:\/\/colegiocim.es\/ca\/hort-al-cim\/#breadcrumb","itemListElement":[{"@type":"ListItem","position":1,"name":"Portada","item":"https:\/\/colegiocim.es\/ca\/"},{"@type":"ListItem","position":2,"name":"Hort al CIM"}]},{"@type":"WebSite","@id":"https:\/\/colegiocim.es\/#website","url":"https:\/\/colegiocim.es\/","name":"Colegio Coraz\u00f3n Inmaculado de Mar\u00eda","description":"Colegio privado cat\u00f3lico en Sentmenat","publisher":{"@id":"https:\/\/colegiocim.es\/#organization"},"potentialAction":[{"@type":"SearchAction","target":{"@type":"EntryPoint","urlTemplate":"https:\/\/colegiocim.es\/?s={search_term_string}"},"query-input":{"@type":"PropertyValueSpecification","valueRequired":true,"valueName":"search_term_string"}}],"inLanguage":"ca"},{"@type":"Organization","@id":"https:\/\/colegiocim.es\/#organization","name":"Colegio Coraz\u00f3n Inmaculado de Mar\u00eda","url":"https:\/\/colegiocim.es\/","logo":{"@type":"ImageObject","inLanguage":"ca","@id":"https:\/\/colegiocim.es\/#\/schema\/logo\/image\/","url":"https:\/\/www.colegiocim.es\/wp-content\/uploads\/2021\/03\/CCIM-ESP.png","contentUrl":"https:\/\/www.colegiocim.es\/wp-content\/uploads\/2021\/03\/CCIM-ESP.png","width":357,"height":86,"caption":"Colegio Coraz\u00f3n Inmaculado de Mar\u00eda"},"image":{"@id":"https:\/\/colegiocim.es\/#\/schema\/logo\/image\/"},"sameAs":["https:\/\/facebook.com\/colegiocim","https:\/\/x.com\/cimsentmenat"]},{"@type":"Person","@id":"https:\/\/colegiocim.es\/#\/schema\/person\/26aab585685805d0acbea8a5646e314e","name":"Mat\u00edas Cluet","image":{"@type":"ImageObject","inLanguage":"ca","@id":"https:\/\/secure.gravatar.com\/avatar\/88fd60871505f232c9f0dddada52105c10879f0d1617a2be55fb2ca57f73c135?s=96&d=mm&r=g","url":"https:\/\/secure.gravatar.com\/avatar\/88fd60871505f232c9f0dddada52105c10879f0d1617a2be55fb2ca57f73c135?s=96&d=mm&r=g","contentUrl":"https:\/\/secure.gravatar.com\/avatar\/88fd60871505f232c9f0dddada52105c10879f0d1617a2be55fb2ca57f73c135?s=96&d=mm&r=g","caption":"Mat\u00edas Cluet"}}]}},"_links":{"self":[{"href":"https:\/\/colegiocim.es\/ca\/wp-json\/wp\/v2\/posts\/1447","targetHints":{"allow":["GET"]}}],"collection":[{"href":"https:\/\/colegiocim.es\/ca\/wp-json\/wp\/v2\/posts"}],"about":[{"href":"https:\/\/colegiocim.es\/ca\/wp-json\/wp\/v2\/types\/post"}],"author":[{"embeddable":true,"href":"https:\/\/colegiocim.es\/ca\/wp-json\/wp\/v2\/users\/6"}],"replies":[{"embeddable":true,"href":"https:\/\/colegiocim.es\/ca\/wp-json\/wp\/v2\/comments?post=1447"}],"version-history":[{"count":0,"href":"https:\/\/colegiocim.es\/ca\/wp-json\/wp\/v2\/posts\/1447\/revisions"}],"wp:featuredmedia":[{"embeddable":true,"href":"https:\/\/colegiocim.es\/ca\/wp-json\/wp\/v2\/media\/1446"}],"wp:attachment":[{"href":"https:\/\/colegiocim.es\/ca\/wp-json\/wp\/v2\/media?parent=1447"}],"wp:term":[{"taxonomy":"category","embeddable":true,"href":"https:\/\/colegiocim.es\/ca\/wp-json\/wp\/v2\/categories?post=1447"},{"taxonomy":"post_tag","embeddable":true,"href":"https:\/\/colegiocim.es\/ca\/wp-json\/wp\/v2\/tags?post=1447"}],"curies":[{"name":"wp","href":"https:\/\/api.w.org\/{rel}","templated":true}]}}