{"id":1509,"date":"2021-04-08T12:01:16","date_gmt":"2021-04-08T10:01:16","guid":{"rendered":"https:\/\/www.colegiocim.es\/pasqua-al-colegi-cim\/"},"modified":"2021-04-08T12:15:30","modified_gmt":"2021-04-08T10:15:30","slug":"pasqua-al-colegi-cim","status":"publish","type":"post","link":"https:\/\/colegiocim.es\/ca\/pasqua-al-colegi-cim\/","title":{"rendered":"Pasqua al col\u00b7legi CIM"},"content":{"rendered":"\n<p>Despr\u00e9s de la Quaresma i de la Setmana Santa, celebrem la PASQUA. <\/p>\n\n<p>Amb la Pasqua, commemorem la mort, resurrecci\u00f3 i posterior reuni\u00f3 de Jes\u00fas amb els ap\u00f2stols de Natzaret. <\/p>\n\n<p>Aquest any, a Infantil, hem fet una corona d\u2019ous, hem trobat ous a la classe o al pati, hem berenat pa de pessic o, fins i tot, hem fet la nostra \u201cMona de Pasqua\u201d. <\/p>\n\n<div class=\"wp-block-columns is-layout-flex wp-container-core-columns-is-layout-28f84493 wp-block-columns-is-layout-flex\">\n<div class=\"wp-block-column is-layout-flow wp-block-column-is-layout-flow\" style=\"flex-basis:100%\">\n<div class=\"wp-block-group\"><div class=\"wp-block-group__inner-container is-layout-flow wp-block-group-is-layout-flow\">\n<figure class=\"wp-block-gallery columns-3 is-cropped wp-block-gallery-1 is-layout-flex wp-block-gallery-is-layout-flex\"><ul class=\"blocks-gallery-grid\"><li class=\"blocks-gallery-item\"><figure><img fetchpriority=\"high\" decoding=\"async\" width=\"1024\" height=\"768\" src=\"https:\/\/www.colegiocim.es\/wp-content\/uploads\/2021\/04\/P0-P1-1024x768.jpg\" alt=\"\" data-id=\"1497\" data-full-url=\"https:\/\/www.colegiocim.es\/wp-content\/uploads\/2021\/04\/P0-P1.jpg\" data-link=\"https:\/\/www.colegiocim.es\/?attachment_id=1497\" class=\"wp-image-1497\" srcset=\"https:\/\/colegiocim.es\/wp-content\/uploads\/2021\/04\/P0-P1-1024x768.jpg 1024w, https:\/\/colegiocim.es\/wp-content\/uploads\/2021\/04\/P0-P1-300x225.jpg 300w, https:\/\/colegiocim.es\/wp-content\/uploads\/2021\/04\/P0-P1-768x576.jpg 768w, https:\/\/colegiocim.es\/wp-content\/uploads\/2021\/04\/P0-P1-1536x1152.jpg 1536w, https:\/\/colegiocim.es\/wp-content\/uploads\/2021\/04\/P0-P1.jpg 2000w\" sizes=\"(max-width: 1024px) 100vw, 1024px\" \/><\/figure><\/li><li class=\"blocks-gallery-item\"><figure><img decoding=\"async\" width=\"1024\" height=\"768\" src=\"https:\/\/www.colegiocim.es\/wp-content\/uploads\/2021\/04\/P2-1024x768.jpg\" alt=\"\" data-id=\"1499\" data-full-url=\"https:\/\/www.colegiocim.es\/wp-content\/uploads\/2021\/04\/P2.jpg\" data-link=\"https:\/\/www.colegiocim.es\/?attachment_id=1499\" class=\"wp-image-1499\" srcset=\"https:\/\/colegiocim.es\/wp-content\/uploads\/2021\/04\/P2-1024x768.jpg 1024w, https:\/\/colegiocim.es\/wp-content\/uploads\/2021\/04\/P2-300x225.jpg 300w, https:\/\/colegiocim.es\/wp-content\/uploads\/2021\/04\/P2-768x576.jpg 768w, https:\/\/colegiocim.es\/wp-content\/uploads\/2021\/04\/P2-1536x1152.jpg 1536w, https:\/\/colegiocim.es\/wp-content\/uploads\/2021\/04\/P2.jpg 2000w\" sizes=\"(max-width: 1024px) 100vw, 1024px\" \/><\/figure><\/li><li class=\"blocks-gallery-item\"><figure><img decoding=\"async\" width=\"1024\" height=\"768\" src=\"https:\/\/www.colegiocim.es\/wp-content\/uploads\/2021\/04\/P3-1024x768.jpg\" alt=\"\" data-id=\"1501\" data-full-url=\"https:\/\/www.colegiocim.es\/wp-content\/uploads\/2021\/04\/P3.jpg\" data-link=\"https:\/\/www.colegiocim.es\/?attachment_id=1501\" class=\"wp-image-1501\" srcset=\"https:\/\/colegiocim.es\/wp-content\/uploads\/2021\/04\/P3-1024x768.jpg 1024w, https:\/\/colegiocim.es\/wp-content\/uploads\/2021\/04\/P3-300x225.jpg 300w, https:\/\/colegiocim.es\/wp-content\/uploads\/2021\/04\/P3-768x576.jpg 768w, https:\/\/colegiocim.es\/wp-content\/uploads\/2021\/04\/P3-1536x1152.jpg 1536w, https:\/\/colegiocim.es\/wp-content\/uploads\/2021\/04\/P3.jpg 2048w\" sizes=\"(max-width: 1024px) 100vw, 1024px\" \/><\/figure><\/li><li class=\"blocks-gallery-item\"><figure><img loading=\"lazy\" decoding=\"async\" width=\"1024\" height=\"770\" src=\"https:\/\/www.colegiocim.es\/wp-content\/uploads\/2021\/04\/P4-1024x770.jpg\" alt=\"\" data-id=\"1503\" data-full-url=\"https:\/\/www.colegiocim.es\/wp-content\/uploads\/2021\/04\/P4-scaled.jpg\" data-link=\"https:\/\/www.colegiocim.es\/?attachment_id=1503\" class=\"wp-image-1503\" srcset=\"https:\/\/colegiocim.es\/wp-content\/uploads\/2021\/04\/P4-1024x770.jpg 1024w, https:\/\/colegiocim.es\/wp-content\/uploads\/2021\/04\/P4-300x226.jpg 300w, https:\/\/colegiocim.es\/wp-content\/uploads\/2021\/04\/P4-768x578.jpg 768w, https:\/\/colegiocim.es\/wp-content\/uploads\/2021\/04\/P4-1536x1155.jpg 1536w, https:\/\/colegiocim.es\/wp-content\/uploads\/2021\/04\/P4-2048x1540.jpg 2048w\" sizes=\"(max-width: 1024px) 100vw, 1024px\" \/><\/figure><\/li><li class=\"blocks-gallery-item\"><figure><img loading=\"lazy\" decoding=\"async\" width=\"1024\" height=\"768\" src=\"https:\/\/www.colegiocim.es\/wp-content\/uploads\/2021\/04\/P5-1024x768.jpg\" alt=\"\" data-id=\"1505\" data-full-url=\"https:\/\/www.colegiocim.es\/wp-content\/uploads\/2021\/04\/P5.jpg\" data-link=\"https:\/\/www.colegiocim.es\/?attachment_id=1505\" class=\"wp-image-1505\" srcset=\"https:\/\/colegiocim.es\/wp-content\/uploads\/2021\/04\/P5-1024x768.jpg 1024w, https:\/\/colegiocim.es\/wp-content\/uploads\/2021\/04\/P5-300x225.jpg 300w, https:\/\/colegiocim.es\/wp-content\/uploads\/2021\/04\/P5-768x576.jpg 768w, https:\/\/colegiocim.es\/wp-content\/uploads\/2021\/04\/P5-1536x1152.jpg 1536w, https:\/\/colegiocim.es\/wp-content\/uploads\/2021\/04\/P5.jpg 1581w\" sizes=\"(max-width: 1024px) 100vw, 1024px\" \/><\/figure><\/li><\/ul><\/figure><\/div><\/div>\n<\/div>\n<\/div>\n\n<p>Els nens i les nenes han gaudit molt del proc\u00e9s i de la celebraci\u00f3. <\/p>\n\n<p>Feli\u00e7 Pasqua a tothom. <\/p>\n","protected":false},"excerpt":{"rendered":"<p>Despr\u00e9s de la Quaresma i de la Setmana Santa, celebrem la PASQUA. Amb la Pasqua, commemorem la mort, resurrecci\u00f3 i posterior reuni\u00f3 de Jes\u00fas amb els ap\u00f2stols de Natzaret. Aquest any, a Infantil, hem fet una corona d\u2019ous, hem trobat ous a la classe o al pati, hem berenat pa de pessic o, fins i [&hellip;]<\/p>\n","protected":false},"author":6,"featured_media":1502,"comment_status":"closed","ping_status":"closed","sticky":false,"template":"","format":"standard","meta":{"footnotes":""},"categories":[39],"tags":[],"class_list":["post-1509","post","type-post","status-publish","format-standard","has-post-thumbnail","hentry","category-infantil-ca"],"yoast_head":"<!-- This site is optimized with the Yoast SEO plugin v27.5 - https:\/\/yoast.com\/product\/yoast-seo-wordpress\/ -->\n<title>Pasqua al col\u00b7legi CIM - Colegio Coraz\u00f3n Inmaculado de Mar\u00eda<\/title>\n<meta name=\"robots\" content=\"noindex, follow\" \/>\n<meta property=\"og:locale\" content=\"ca_ES\" \/>\n<meta property=\"og:type\" content=\"article\" \/>\n<meta property=\"og:title\" content=\"Pasqua al col\u00b7legi CIM - Colegio Coraz\u00f3n Inmaculado de Mar\u00eda\" \/>\n<meta property=\"og:description\" content=\"Despr\u00e9s de la Quaresma i de la Setmana Santa, celebrem la PASQUA. Amb la Pasqua, commemorem la mort, resurrecci\u00f3 i posterior reuni\u00f3 de Jes\u00fas amb els ap\u00f2stols de Natzaret. Aquest any, a Infantil, hem fet una corona d\u2019ous, hem trobat ous a la classe o al pati, hem berenat pa de pessic o, fins i [&hellip;]\" \/>\n<meta property=\"og:url\" content=\"https:\/\/colegiocim.es\/ca\/pasqua-al-colegi-cim\/\" \/>\n<meta property=\"og:site_name\" content=\"Colegio Coraz\u00f3n Inmaculado de Mar\u00eda\" \/>\n<meta property=\"article:publisher\" content=\"https:\/\/facebook.com\/colegiocim\" \/>\n<meta property=\"article:published_time\" content=\"2021-04-08T10:01:16+00:00\" \/>\n<meta property=\"article:modified_time\" content=\"2021-04-08T10:15:30+00:00\" \/>\n<meta property=\"og:image\" content=\"https:\/\/colegiocim.es\/wp-content\/uploads\/2021\/04\/P3.jpg\" \/>\n\t<meta property=\"og:image:width\" content=\"2048\" \/>\n\t<meta property=\"og:image:height\" content=\"1536\" \/>\n\t<meta property=\"og:image:type\" content=\"image\/jpeg\" \/>\n<meta name=\"author\" content=\"Mat\u00edas Cluet\" \/>\n<meta name=\"twitter:card\" content=\"summary_large_image\" \/>\n<meta name=\"twitter:creator\" content=\"@cimsentmenat\" \/>\n<meta name=\"twitter:site\" content=\"@cimsentmenat\" \/>\n<meta name=\"twitter:label1\" content=\"Escrit per\" \/>\n\t<meta name=\"twitter:data1\" content=\"Mat\u00edas Cluet\" \/>\n<script type=\"application\/ld+json\" class=\"yoast-schema-graph\">{\"@context\":\"https:\\\/\\\/schema.org\",\"@graph\":[{\"@type\":\"Article\",\"@id\":\"https:\\\/\\\/colegiocim.es\\\/ca\\\/pasqua-al-colegi-cim\\\/#article\",\"isPartOf\":{\"@id\":\"https:\\\/\\\/colegiocim.es\\\/ca\\\/pasqua-al-colegi-cim\\\/\"},\"author\":{\"name\":\"Mat\u00edas Cluet\",\"@id\":\"https:\\\/\\\/colegiocim.es\\\/#\\\/schema\\\/person\\\/26aab585685805d0acbea8a5646e314e\"},\"headline\":\"Pasqua al col\u00b7legi CIM\",\"datePublished\":\"2021-04-08T10:01:16+00:00\",\"dateModified\":\"2021-04-08T10:15:30+00:00\",\"mainEntityOfPage\":{\"@id\":\"https:\\\/\\\/colegiocim.es\\\/ca\\\/pasqua-al-colegi-cim\\\/\"},\"wordCount\":91,\"publisher\":{\"@id\":\"https:\\\/\\\/colegiocim.es\\\/#organization\"},\"image\":{\"@id\":\"https:\\\/\\\/colegiocim.es\\\/ca\\\/pasqua-al-colegi-cim\\\/#primaryimage\"},\"thumbnailUrl\":\"https:\\\/\\\/colegiocim.es\\\/wp-content\\\/uploads\\\/2021\\\/04\\\/P3.jpg\",\"articleSection\":[\"Infantil\"],\"inLanguage\":\"ca\"},{\"@type\":\"WebPage\",\"@id\":\"https:\\\/\\\/colegiocim.es\\\/ca\\\/pasqua-al-colegi-cim\\\/\",\"url\":\"https:\\\/\\\/colegiocim.es\\\/ca\\\/pasqua-al-colegi-cim\\\/\",\"name\":\"Pasqua al col\u00b7legi CIM - Colegio Coraz\u00f3n Inmaculado de Mar\u00eda\",\"isPartOf\":{\"@id\":\"https:\\\/\\\/colegiocim.es\\\/#website\"},\"primaryImageOfPage\":{\"@id\":\"https:\\\/\\\/colegiocim.es\\\/ca\\\/pasqua-al-colegi-cim\\\/#primaryimage\"},\"image\":{\"@id\":\"https:\\\/\\\/colegiocim.es\\\/ca\\\/pasqua-al-colegi-cim\\\/#primaryimage\"},\"thumbnailUrl\":\"https:\\\/\\\/colegiocim.es\\\/wp-content\\\/uploads\\\/2021\\\/04\\\/P3.jpg\",\"datePublished\":\"2021-04-08T10:01:16+00:00\",\"dateModified\":\"2021-04-08T10:15:30+00:00\",\"breadcrumb\":{\"@id\":\"https:\\\/\\\/colegiocim.es\\\/ca\\\/pasqua-al-colegi-cim\\\/#breadcrumb\"},\"inLanguage\":\"ca\",\"potentialAction\":[{\"@type\":\"ReadAction\",\"target\":[\"https:\\\/\\\/colegiocim.es\\\/ca\\\/pasqua-al-colegi-cim\\\/\"]}]},{\"@type\":\"ImageObject\",\"inLanguage\":\"ca\",\"@id\":\"https:\\\/\\\/colegiocim.es\\\/ca\\\/pasqua-al-colegi-cim\\\/#primaryimage\",\"url\":\"https:\\\/\\\/colegiocim.es\\\/wp-content\\\/uploads\\\/2021\\\/04\\\/P3.jpg\",\"contentUrl\":\"https:\\\/\\\/colegiocim.es\\\/wp-content\\\/uploads\\\/2021\\\/04\\\/P3.jpg\",\"width\":2048,\"height\":1536},{\"@type\":\"BreadcrumbList\",\"@id\":\"https:\\\/\\\/colegiocim.es\\\/ca\\\/pasqua-al-colegi-cim\\\/#breadcrumb\",\"itemListElement\":[{\"@type\":\"ListItem\",\"position\":1,\"name\":\"Portada\",\"item\":\"https:\\\/\\\/colegiocim.es\\\/ca\\\/\"},{\"@type\":\"ListItem\",\"position\":2,\"name\":\"Pasqua al col\u00b7legi CIM\"}]},{\"@type\":\"WebSite\",\"@id\":\"https:\\\/\\\/colegiocim.es\\\/#website\",\"url\":\"https:\\\/\\\/colegiocim.es\\\/\",\"name\":\"Colegio Coraz\u00f3n Inmaculado de Mar\u00eda\",\"description\":\"Colegio privado cat\u00f3lico en Sentmenat\",\"publisher\":{\"@id\":\"https:\\\/\\\/colegiocim.es\\\/#organization\"},\"potentialAction\":[{\"@type\":\"SearchAction\",\"target\":{\"@type\":\"EntryPoint\",\"urlTemplate\":\"https:\\\/\\\/colegiocim.es\\\/?s={search_term_string}\"},\"query-input\":{\"@type\":\"PropertyValueSpecification\",\"valueRequired\":true,\"valueName\":\"search_term_string\"}}],\"inLanguage\":\"ca\"},{\"@type\":\"Organization\",\"@id\":\"https:\\\/\\\/colegiocim.es\\\/#organization\",\"name\":\"Colegio Coraz\u00f3n Inmaculado de Mar\u00eda\",\"url\":\"https:\\\/\\\/colegiocim.es\\\/\",\"logo\":{\"@type\":\"ImageObject\",\"inLanguage\":\"ca\",\"@id\":\"https:\\\/\\\/colegiocim.es\\\/#\\\/schema\\\/logo\\\/image\\\/\",\"url\":\"https:\\\/\\\/www.colegiocim.es\\\/wp-content\\\/uploads\\\/2021\\\/03\\\/CCIM-ESP.png\",\"contentUrl\":\"https:\\\/\\\/www.colegiocim.es\\\/wp-content\\\/uploads\\\/2021\\\/03\\\/CCIM-ESP.png\",\"width\":357,\"height\":86,\"caption\":\"Colegio Coraz\u00f3n Inmaculado de Mar\u00eda\"},\"image\":{\"@id\":\"https:\\\/\\\/colegiocim.es\\\/#\\\/schema\\\/logo\\\/image\\\/\"},\"sameAs\":[\"https:\\\/\\\/facebook.com\\\/colegiocim\",\"https:\\\/\\\/x.com\\\/cimsentmenat\"]},{\"@type\":\"Person\",\"@id\":\"https:\\\/\\\/colegiocim.es\\\/#\\\/schema\\\/person\\\/26aab585685805d0acbea8a5646e314e\",\"name\":\"Mat\u00edas Cluet\",\"image\":{\"@type\":\"ImageObject\",\"inLanguage\":\"ca\",\"@id\":\"https:\\\/\\\/secure.gravatar.com\\\/avatar\\\/88fd60871505f232c9f0dddada52105c10879f0d1617a2be55fb2ca57f73c135?s=96&d=mm&r=g\",\"url\":\"https:\\\/\\\/secure.gravatar.com\\\/avatar\\\/88fd60871505f232c9f0dddada52105c10879f0d1617a2be55fb2ca57f73c135?s=96&d=mm&r=g\",\"contentUrl\":\"https:\\\/\\\/secure.gravatar.com\\\/avatar\\\/88fd60871505f232c9f0dddada52105c10879f0d1617a2be55fb2ca57f73c135?s=96&d=mm&r=g\",\"caption\":\"Mat\u00edas Cluet\"}}]}<\/script>\n<!-- \/ Yoast SEO plugin. -->","yoast_head_json":{"title":"Pasqua al col\u00b7legi CIM - Colegio Coraz\u00f3n Inmaculado de Mar\u00eda","robots":{"index":"noindex","follow":"follow"},"og_locale":"ca_ES","og_type":"article","og_title":"Pasqua al col\u00b7legi CIM - Colegio Coraz\u00f3n Inmaculado de Mar\u00eda","og_description":"Despr\u00e9s de la Quaresma i de la Setmana Santa, celebrem la PASQUA. Amb la Pasqua, commemorem la mort, resurrecci\u00f3 i posterior reuni\u00f3 de Jes\u00fas amb els ap\u00f2stols de Natzaret. Aquest any, a Infantil, hem fet una corona d\u2019ous, hem trobat ous a la classe o al pati, hem berenat pa de pessic o, fins i [&hellip;]","og_url":"https:\/\/colegiocim.es\/ca\/pasqua-al-colegi-cim\/","og_site_name":"Colegio Coraz\u00f3n Inmaculado de Mar\u00eda","article_publisher":"https:\/\/facebook.com\/colegiocim","article_published_time":"2021-04-08T10:01:16+00:00","article_modified_time":"2021-04-08T10:15:30+00:00","og_image":[{"width":2048,"height":1536,"url":"https:\/\/colegiocim.es\/wp-content\/uploads\/2021\/04\/P3.jpg","type":"image\/jpeg"}],"author":"Mat\u00edas Cluet","twitter_card":"summary_large_image","twitter_creator":"@cimsentmenat","twitter_site":"@cimsentmenat","twitter_misc":{"Escrit per":"Mat\u00edas Cluet"},"schema":{"@context":"https:\/\/schema.org","@graph":[{"@type":"Article","@id":"https:\/\/colegiocim.es\/ca\/pasqua-al-colegi-cim\/#article","isPartOf":{"@id":"https:\/\/colegiocim.es\/ca\/pasqua-al-colegi-cim\/"},"author":{"name":"Mat\u00edas Cluet","@id":"https:\/\/colegiocim.es\/#\/schema\/person\/26aab585685805d0acbea8a5646e314e"},"headline":"Pasqua al col\u00b7legi CIM","datePublished":"2021-04-08T10:01:16+00:00","dateModified":"2021-04-08T10:15:30+00:00","mainEntityOfPage":{"@id":"https:\/\/colegiocim.es\/ca\/pasqua-al-colegi-cim\/"},"wordCount":91,"publisher":{"@id":"https:\/\/colegiocim.es\/#organization"},"image":{"@id":"https:\/\/colegiocim.es\/ca\/pasqua-al-colegi-cim\/#primaryimage"},"thumbnailUrl":"https:\/\/colegiocim.es\/wp-content\/uploads\/2021\/04\/P3.jpg","articleSection":["Infantil"],"inLanguage":"ca"},{"@type":"WebPage","@id":"https:\/\/colegiocim.es\/ca\/pasqua-al-colegi-cim\/","url":"https:\/\/colegiocim.es\/ca\/pasqua-al-colegi-cim\/","name":"Pasqua al col\u00b7legi CIM - Colegio Coraz\u00f3n Inmaculado de Mar\u00eda","isPartOf":{"@id":"https:\/\/colegiocim.es\/#website"},"primaryImageOfPage":{"@id":"https:\/\/colegiocim.es\/ca\/pasqua-al-colegi-cim\/#primaryimage"},"image":{"@id":"https:\/\/colegiocim.es\/ca\/pasqua-al-colegi-cim\/#primaryimage"},"thumbnailUrl":"https:\/\/colegiocim.es\/wp-content\/uploads\/2021\/04\/P3.jpg","datePublished":"2021-04-08T10:01:16+00:00","dateModified":"2021-04-08T10:15:30+00:00","breadcrumb":{"@id":"https:\/\/colegiocim.es\/ca\/pasqua-al-colegi-cim\/#breadcrumb"},"inLanguage":"ca","potentialAction":[{"@type":"ReadAction","target":["https:\/\/colegiocim.es\/ca\/pasqua-al-colegi-cim\/"]}]},{"@type":"ImageObject","inLanguage":"ca","@id":"https:\/\/colegiocim.es\/ca\/pasqua-al-colegi-cim\/#primaryimage","url":"https:\/\/colegiocim.es\/wp-content\/uploads\/2021\/04\/P3.jpg","contentUrl":"https:\/\/colegiocim.es\/wp-content\/uploads\/2021\/04\/P3.jpg","width":2048,"height":1536},{"@type":"BreadcrumbList","@id":"https:\/\/colegiocim.es\/ca\/pasqua-al-colegi-cim\/#breadcrumb","itemListElement":[{"@type":"ListItem","position":1,"name":"Portada","item":"https:\/\/colegiocim.es\/ca\/"},{"@type":"ListItem","position":2,"name":"Pasqua al col\u00b7legi CIM"}]},{"@type":"WebSite","@id":"https:\/\/colegiocim.es\/#website","url":"https:\/\/colegiocim.es\/","name":"Colegio Coraz\u00f3n Inmaculado de Mar\u00eda","description":"Colegio privado cat\u00f3lico en Sentmenat","publisher":{"@id":"https:\/\/colegiocim.es\/#organization"},"potentialAction":[{"@type":"SearchAction","target":{"@type":"EntryPoint","urlTemplate":"https:\/\/colegiocim.es\/?s={search_term_string}"},"query-input":{"@type":"PropertyValueSpecification","valueRequired":true,"valueName":"search_term_string"}}],"inLanguage":"ca"},{"@type":"Organization","@id":"https:\/\/colegiocim.es\/#organization","name":"Colegio Coraz\u00f3n Inmaculado de Mar\u00eda","url":"https:\/\/colegiocim.es\/","logo":{"@type":"ImageObject","inLanguage":"ca","@id":"https:\/\/colegiocim.es\/#\/schema\/logo\/image\/","url":"https:\/\/www.colegiocim.es\/wp-content\/uploads\/2021\/03\/CCIM-ESP.png","contentUrl":"https:\/\/www.colegiocim.es\/wp-content\/uploads\/2021\/03\/CCIM-ESP.png","width":357,"height":86,"caption":"Colegio Coraz\u00f3n Inmaculado de Mar\u00eda"},"image":{"@id":"https:\/\/colegiocim.es\/#\/schema\/logo\/image\/"},"sameAs":["https:\/\/facebook.com\/colegiocim","https:\/\/x.com\/cimsentmenat"]},{"@type":"Person","@id":"https:\/\/colegiocim.es\/#\/schema\/person\/26aab585685805d0acbea8a5646e314e","name":"Mat\u00edas Cluet","image":{"@type":"ImageObject","inLanguage":"ca","@id":"https:\/\/secure.gravatar.com\/avatar\/88fd60871505f232c9f0dddada52105c10879f0d1617a2be55fb2ca57f73c135?s=96&d=mm&r=g","url":"https:\/\/secure.gravatar.com\/avatar\/88fd60871505f232c9f0dddada52105c10879f0d1617a2be55fb2ca57f73c135?s=96&d=mm&r=g","contentUrl":"https:\/\/secure.gravatar.com\/avatar\/88fd60871505f232c9f0dddada52105c10879f0d1617a2be55fb2ca57f73c135?s=96&d=mm&r=g","caption":"Mat\u00edas Cluet"}}]}},"_links":{"self":[{"href":"https:\/\/colegiocim.es\/ca\/wp-json\/wp\/v2\/posts\/1509","targetHints":{"allow":["GET"]}}],"collection":[{"href":"https:\/\/colegiocim.es\/ca\/wp-json\/wp\/v2\/posts"}],"about":[{"href":"https:\/\/colegiocim.es\/ca\/wp-json\/wp\/v2\/types\/post"}],"author":[{"embeddable":true,"href":"https:\/\/colegiocim.es\/ca\/wp-json\/wp\/v2\/users\/6"}],"replies":[{"embeddable":true,"href":"https:\/\/colegiocim.es\/ca\/wp-json\/wp\/v2\/comments?post=1509"}],"version-history":[{"count":0,"href":"https:\/\/colegiocim.es\/ca\/wp-json\/wp\/v2\/posts\/1509\/revisions"}],"wp:featuredmedia":[{"embeddable":true,"href":"https:\/\/colegiocim.es\/ca\/wp-json\/wp\/v2\/media\/1502"}],"wp:attachment":[{"href":"https:\/\/colegiocim.es\/ca\/wp-json\/wp\/v2\/media?parent=1509"}],"wp:term":[{"taxonomy":"category","embeddable":true,"href":"https:\/\/colegiocim.es\/ca\/wp-json\/wp\/v2\/categories?post=1509"},{"taxonomy":"post_tag","embeddable":true,"href":"https:\/\/colegiocim.es\/ca\/wp-json\/wp\/v2\/tags?post=1509"}],"curies":[{"name":"wp","href":"https:\/\/api.w.org\/{rel}","templated":true}]}}