{"id":1525,"date":"2021-04-08T12:23:47","date_gmt":"2021-04-08T10:23:47","guid":{"rendered":"https:\/\/www.colegiocim.es\/exposicio-de-treballs-de-recerca-tdrs\/"},"modified":"2021-04-22T11:38:44","modified_gmt":"2021-04-22T09:38:44","slug":"exposicio-de-treballs-de-recerca-tdrs","status":"publish","type":"post","link":"https:\/\/colegiocim.es\/ca\/exposicio-de-treballs-de-recerca-tdrs\/","title":{"rendered":"EXPOSICI\u00d3 DE TREBALLS DE RECERCA -TDR\u2019s"},"content":{"rendered":"\n<p>Els dies previs a les festes de la Setmana Santa, es van realitzar les defenses dels treballs de final del Batxillerat al centre, amb la participaci\u00f3 d\u2019alumnes d\u2019ESO i Batxillerat. <\/p>\n\n<p>Amb una bona riquesa i varietat de temes com: el c\u00f2mic, el blanqueig de capitals, les ter\u00e0pies amb animals per a nens amb autisme, la cirurgia pl\u00e0stica, les novel\u00b7les futuristes d\u2019Orwell i l\u2019actualitat que vivim, etc&#8230; han enriquit el bagatge dels companys i, a m\u00e9s, han posat a prova les destreses d\u2019orat\u00f2ria en l\u2019alumnat de 2on de Batxillerat al col\u00b7legi Cor Immaculat de Maria. <\/p>\n\n<figure class=\"wp-block-gallery columns-3 is-cropped wp-block-gallery-1 is-layout-flex wp-block-gallery-is-layout-flex\"><ul class=\"blocks-gallery-grid\"><li class=\"blocks-gallery-item\"><figure><img fetchpriority=\"high\" decoding=\"async\" width=\"1024\" height=\"768\" src=\"https:\/\/www.colegiocim.es\/wp-content\/uploads\/2021\/04\/IMG_8363-1024x768.jpg\" alt=\"\" data-id=\"1512\" data-full-url=\"https:\/\/www.colegiocim.es\/wp-content\/uploads\/2021\/04\/IMG_8363-scaled.jpg\" data-link=\"https:\/\/www.colegiocim.es\/?attachment_id=1512\" class=\"wp-image-1512\" srcset=\"https:\/\/colegiocim.es\/wp-content\/uploads\/2021\/04\/IMG_8363-1024x768.jpg 1024w, https:\/\/colegiocim.es\/wp-content\/uploads\/2021\/04\/IMG_8363-300x225.jpg 300w, https:\/\/colegiocim.es\/wp-content\/uploads\/2021\/04\/IMG_8363-768x576.jpg 768w, https:\/\/colegiocim.es\/wp-content\/uploads\/2021\/04\/IMG_8363-1536x1152.jpg 1536w, https:\/\/colegiocim.es\/wp-content\/uploads\/2021\/04\/IMG_8363-2048x1536.jpg 2048w\" sizes=\"(max-width: 1024px) 100vw, 1024px\" \/><\/figure><\/li><li class=\"blocks-gallery-item\"><figure><img decoding=\"async\" width=\"1024\" height=\"589\" src=\"https:\/\/www.colegiocim.es\/wp-content\/uploads\/2021\/04\/IMG_8367-1024x589.jpg\" alt=\"\" data-id=\"1514\" data-full-url=\"https:\/\/www.colegiocim.es\/wp-content\/uploads\/2021\/04\/IMG_8367-scaled.jpg\" data-link=\"https:\/\/www.colegiocim.es\/?attachment_id=1514\" class=\"wp-image-1514\" srcset=\"https:\/\/colegiocim.es\/wp-content\/uploads\/2021\/04\/IMG_8367-1024x589.jpg 1024w, https:\/\/colegiocim.es\/wp-content\/uploads\/2021\/04\/IMG_8367-300x172.jpg 300w, https:\/\/colegiocim.es\/wp-content\/uploads\/2021\/04\/IMG_8367-768x442.jpg 768w, https:\/\/colegiocim.es\/wp-content\/uploads\/2021\/04\/IMG_8367-1536x883.jpg 1536w, https:\/\/colegiocim.es\/wp-content\/uploads\/2021\/04\/IMG_8367-2048x1177.jpg 2048w\" sizes=\"(max-width: 1024px) 100vw, 1024px\" \/><\/figure><\/li><li class=\"blocks-gallery-item\"><figure><img decoding=\"async\" width=\"1024\" height=\"640\" src=\"https:\/\/www.colegiocim.es\/wp-content\/uploads\/2021\/04\/IMG_8379-1024x640.jpg\" alt=\"\" data-id=\"1516\" data-full-url=\"https:\/\/www.colegiocim.es\/wp-content\/uploads\/2021\/04\/IMG_8379-scaled.jpg\" data-link=\"https:\/\/www.colegiocim.es\/?attachment_id=1516\" class=\"wp-image-1516\" srcset=\"https:\/\/colegiocim.es\/wp-content\/uploads\/2021\/04\/IMG_8379-1024x640.jpg 1024w, https:\/\/colegiocim.es\/wp-content\/uploads\/2021\/04\/IMG_8379-300x188.jpg 300w, https:\/\/colegiocim.es\/wp-content\/uploads\/2021\/04\/IMG_8379-768x480.jpg 768w, https:\/\/colegiocim.es\/wp-content\/uploads\/2021\/04\/IMG_8379-1536x960.jpg 1536w, https:\/\/colegiocim.es\/wp-content\/uploads\/2021\/04\/IMG_8379-2048x1280.jpg 2048w\" sizes=\"(max-width: 1024px) 100vw, 1024px\" \/><\/figure><\/li><li class=\"blocks-gallery-item\"><figure><img loading=\"lazy\" decoding=\"async\" width=\"1024\" height=\"590\" src=\"https:\/\/www.colegiocim.es\/wp-content\/uploads\/2021\/04\/IMG_8383-1024x590.jpg\" alt=\"\" data-id=\"1518\" data-full-url=\"https:\/\/www.colegiocim.es\/wp-content\/uploads\/2021\/04\/IMG_8383-scaled.jpg\" data-link=\"https:\/\/www.colegiocim.es\/?attachment_id=1518\" class=\"wp-image-1518\" srcset=\"https:\/\/colegiocim.es\/wp-content\/uploads\/2021\/04\/IMG_8383-1024x590.jpg 1024w, https:\/\/colegiocim.es\/wp-content\/uploads\/2021\/04\/IMG_8383-300x173.jpg 300w, https:\/\/colegiocim.es\/wp-content\/uploads\/2021\/04\/IMG_8383-768x442.jpg 768w, https:\/\/colegiocim.es\/wp-content\/uploads\/2021\/04\/IMG_8383-1536x884.jpg 1536w, https:\/\/colegiocim.es\/wp-content\/uploads\/2021\/04\/IMG_8383-2048x1179.jpg 2048w\" sizes=\"(max-width: 1024px) 100vw, 1024px\" \/><\/figure><\/li><li class=\"blocks-gallery-item\"><figure><img loading=\"lazy\" decoding=\"async\" width=\"1024\" height=\"629\" src=\"https:\/\/www.colegiocim.es\/wp-content\/uploads\/2021\/04\/IMG_8387-1024x629.jpg\" alt=\"\" data-id=\"1520\" data-full-url=\"https:\/\/www.colegiocim.es\/wp-content\/uploads\/2021\/04\/IMG_8387-scaled.jpg\" data-link=\"https:\/\/www.colegiocim.es\/?attachment_id=1520\" class=\"wp-image-1520\" srcset=\"https:\/\/colegiocim.es\/wp-content\/uploads\/2021\/04\/IMG_8387-1024x629.jpg 1024w, https:\/\/colegiocim.es\/wp-content\/uploads\/2021\/04\/IMG_8387-300x184.jpg 300w, https:\/\/colegiocim.es\/wp-content\/uploads\/2021\/04\/IMG_8387-768x472.jpg 768w, https:\/\/colegiocim.es\/wp-content\/uploads\/2021\/04\/IMG_8387-1536x944.jpg 1536w, https:\/\/colegiocim.es\/wp-content\/uploads\/2021\/04\/IMG_8387-2048x1259.jpg 2048w\" sizes=\"(max-width: 1024px) 100vw, 1024px\" \/><\/figure><\/li><\/ul><\/figure>\n<p>Tota una demostraci\u00f3 d\u2019habilitat i domini de les mat\u00e8ries treballades al llarg de dos anys amb molta const\u00e0ncia i esfor\u00e7, recompensat de sobra amb el gran \u00e8xit de les exposicions. <\/p>\n","protected":false},"excerpt":{"rendered":"<p>Els dies previs a les festes de la Setmana Santa, es van realitzar les defenses dels treballs de final del Batxillerat al centre, amb la participaci\u00f3 d\u2019alumnes d\u2019ESO i Batxillerat. Amb una bona riquesa i varietat de temes com: el c\u00f2mic, el blanqueig de capitals, les ter\u00e0pies amb animals per a nens amb autisme, la [&hellip;]<\/p>\n","protected":false},"author":6,"featured_media":1523,"comment_status":"open","ping_status":"open","sticky":false,"template":"","format":"standard","meta":{"footnotes":""},"categories":[42,41],"tags":[],"class_list":["post-1525","post","type-post","status-publish","format-standard","has-post-thumbnail","hentry","category-batxillerat","category-eso-ca"],"yoast_head":"<!-- This site is optimized with the Yoast SEO plugin v27.5 - https:\/\/yoast.com\/product\/yoast-seo-wordpress\/ -->\n<title>EXPOSICI\u00d3 DE TREBALLS DE RECERCA -TDR\u2019s - Colegio Coraz\u00f3n Inmaculado de Mar\u00eda<\/title>\n<meta name=\"robots\" content=\"noindex, follow\" \/>\n<meta property=\"og:locale\" content=\"ca_ES\" \/>\n<meta property=\"og:type\" content=\"article\" \/>\n<meta property=\"og:title\" content=\"EXPOSICI\u00d3 DE TREBALLS DE RECERCA -TDR\u2019s - Colegio Coraz\u00f3n Inmaculado de Mar\u00eda\" \/>\n<meta property=\"og:description\" content=\"Els dies previs a les festes de la Setmana Santa, es van realitzar les defenses dels treballs de final del Batxillerat al centre, amb la participaci\u00f3 d\u2019alumnes d\u2019ESO i Batxillerat. Amb una bona riquesa i varietat de temes com: el c\u00f2mic, el blanqueig de capitals, les ter\u00e0pies amb animals per a nens amb autisme, la [&hellip;]\" \/>\n<meta property=\"og:url\" content=\"https:\/\/colegiocim.es\/ca\/exposicio-de-treballs-de-recerca-tdrs\/\" \/>\n<meta property=\"og:site_name\" content=\"Colegio Coraz\u00f3n Inmaculado de Mar\u00eda\" \/>\n<meta property=\"article:publisher\" content=\"https:\/\/facebook.com\/colegiocim\" \/>\n<meta property=\"article:published_time\" content=\"2021-04-08T10:23:47+00:00\" \/>\n<meta property=\"article:modified_time\" content=\"2021-04-22T09:38:44+00:00\" \/>\n<meta property=\"og:image\" content=\"https:\/\/colegiocim.es\/wp-content\/uploads\/2021\/04\/tdr.png\" \/>\n\t<meta property=\"og:image:width\" content=\"599\" \/>\n\t<meta property=\"og:image:height\" content=\"604\" \/>\n\t<meta property=\"og:image:type\" content=\"image\/png\" \/>\n<meta name=\"author\" content=\"Mat\u00edas Cluet\" \/>\n<meta name=\"twitter:card\" content=\"summary_large_image\" \/>\n<meta name=\"twitter:creator\" content=\"@cimsentmenat\" \/>\n<meta name=\"twitter:site\" content=\"@cimsentmenat\" \/>\n<meta name=\"twitter:label1\" content=\"Escrit per\" \/>\n\t<meta name=\"twitter:data1\" content=\"Mat\u00edas Cluet\" \/>\n\t<meta name=\"twitter:label2\" content=\"Temps estimat de lectura\" \/>\n\t<meta name=\"twitter:data2\" content=\"1 minut\" \/>\n<script type=\"application\/ld+json\" class=\"yoast-schema-graph\">{\"@context\":\"https:\\\/\\\/schema.org\",\"@graph\":[{\"@type\":\"Article\",\"@id\":\"https:\\\/\\\/colegiocim.es\\\/ca\\\/exposicio-de-treballs-de-recerca-tdrs\\\/#article\",\"isPartOf\":{\"@id\":\"https:\\\/\\\/colegiocim.es\\\/ca\\\/exposicio-de-treballs-de-recerca-tdrs\\\/\"},\"author\":{\"name\":\"Mat\u00edas Cluet\",\"@id\":\"https:\\\/\\\/colegiocim.es\\\/#\\\/schema\\\/person\\\/26aab585685805d0acbea8a5646e314e\"},\"headline\":\"EXPOSICI\u00d3 DE TREBALLS DE RECERCA -TDR\u2019s\",\"datePublished\":\"2021-04-08T10:23:47+00:00\",\"dateModified\":\"2021-04-22T09:38:44+00:00\",\"mainEntityOfPage\":{\"@id\":\"https:\\\/\\\/colegiocim.es\\\/ca\\\/exposicio-de-treballs-de-recerca-tdrs\\\/\"},\"wordCount\":147,\"commentCount\":0,\"publisher\":{\"@id\":\"https:\\\/\\\/colegiocim.es\\\/#organization\"},\"image\":{\"@id\":\"https:\\\/\\\/colegiocim.es\\\/ca\\\/exposicio-de-treballs-de-recerca-tdrs\\\/#primaryimage\"},\"thumbnailUrl\":\"https:\\\/\\\/colegiocim.es\\\/wp-content\\\/uploads\\\/2021\\\/04\\\/tdr.png\",\"articleSection\":[\"Batxillerat\",\"ESO\"],\"inLanguage\":\"ca\",\"potentialAction\":[{\"@type\":\"CommentAction\",\"name\":\"Comment\",\"target\":[\"https:\\\/\\\/colegiocim.es\\\/ca\\\/exposicio-de-treballs-de-recerca-tdrs\\\/#respond\"]}]},{\"@type\":\"WebPage\",\"@id\":\"https:\\\/\\\/colegiocim.es\\\/ca\\\/exposicio-de-treballs-de-recerca-tdrs\\\/\",\"url\":\"https:\\\/\\\/colegiocim.es\\\/ca\\\/exposicio-de-treballs-de-recerca-tdrs\\\/\",\"name\":\"EXPOSICI\u00d3 DE TREBALLS DE RECERCA -TDR\u2019s - Colegio Coraz\u00f3n Inmaculado de Mar\u00eda\",\"isPartOf\":{\"@id\":\"https:\\\/\\\/colegiocim.es\\\/#website\"},\"primaryImageOfPage\":{\"@id\":\"https:\\\/\\\/colegiocim.es\\\/ca\\\/exposicio-de-treballs-de-recerca-tdrs\\\/#primaryimage\"},\"image\":{\"@id\":\"https:\\\/\\\/colegiocim.es\\\/ca\\\/exposicio-de-treballs-de-recerca-tdrs\\\/#primaryimage\"},\"thumbnailUrl\":\"https:\\\/\\\/colegiocim.es\\\/wp-content\\\/uploads\\\/2021\\\/04\\\/tdr.png\",\"datePublished\":\"2021-04-08T10:23:47+00:00\",\"dateModified\":\"2021-04-22T09:38:44+00:00\",\"breadcrumb\":{\"@id\":\"https:\\\/\\\/colegiocim.es\\\/ca\\\/exposicio-de-treballs-de-recerca-tdrs\\\/#breadcrumb\"},\"inLanguage\":\"ca\",\"potentialAction\":[{\"@type\":\"ReadAction\",\"target\":[\"https:\\\/\\\/colegiocim.es\\\/ca\\\/exposicio-de-treballs-de-recerca-tdrs\\\/\"]}]},{\"@type\":\"ImageObject\",\"inLanguage\":\"ca\",\"@id\":\"https:\\\/\\\/colegiocim.es\\\/ca\\\/exposicio-de-treballs-de-recerca-tdrs\\\/#primaryimage\",\"url\":\"https:\\\/\\\/colegiocim.es\\\/wp-content\\\/uploads\\\/2021\\\/04\\\/tdr.png\",\"contentUrl\":\"https:\\\/\\\/colegiocim.es\\\/wp-content\\\/uploads\\\/2021\\\/04\\\/tdr.png\",\"width\":599,\"height\":604},{\"@type\":\"BreadcrumbList\",\"@id\":\"https:\\\/\\\/colegiocim.es\\\/ca\\\/exposicio-de-treballs-de-recerca-tdrs\\\/#breadcrumb\",\"itemListElement\":[{\"@type\":\"ListItem\",\"position\":1,\"name\":\"Portada\",\"item\":\"https:\\\/\\\/colegiocim.es\\\/ca\\\/\"},{\"@type\":\"ListItem\",\"position\":2,\"name\":\"EXPOSICI\u00d3 DE TREBALLS DE RECERCA -TDR\u2019s\"}]},{\"@type\":\"WebSite\",\"@id\":\"https:\\\/\\\/colegiocim.es\\\/#website\",\"url\":\"https:\\\/\\\/colegiocim.es\\\/\",\"name\":\"Colegio Coraz\u00f3n Inmaculado de Mar\u00eda\",\"description\":\"Colegio privado cat\u00f3lico en Sentmenat\",\"publisher\":{\"@id\":\"https:\\\/\\\/colegiocim.es\\\/#organization\"},\"potentialAction\":[{\"@type\":\"SearchAction\",\"target\":{\"@type\":\"EntryPoint\",\"urlTemplate\":\"https:\\\/\\\/colegiocim.es\\\/?s={search_term_string}\"},\"query-input\":{\"@type\":\"PropertyValueSpecification\",\"valueRequired\":true,\"valueName\":\"search_term_string\"}}],\"inLanguage\":\"ca\"},{\"@type\":\"Organization\",\"@id\":\"https:\\\/\\\/colegiocim.es\\\/#organization\",\"name\":\"Colegio Coraz\u00f3n Inmaculado de Mar\u00eda\",\"url\":\"https:\\\/\\\/colegiocim.es\\\/\",\"logo\":{\"@type\":\"ImageObject\",\"inLanguage\":\"ca\",\"@id\":\"https:\\\/\\\/colegiocim.es\\\/#\\\/schema\\\/logo\\\/image\\\/\",\"url\":\"https:\\\/\\\/www.colegiocim.es\\\/wp-content\\\/uploads\\\/2021\\\/03\\\/CCIM-ESP.png\",\"contentUrl\":\"https:\\\/\\\/www.colegiocim.es\\\/wp-content\\\/uploads\\\/2021\\\/03\\\/CCIM-ESP.png\",\"width\":357,\"height\":86,\"caption\":\"Colegio Coraz\u00f3n Inmaculado de Mar\u00eda\"},\"image\":{\"@id\":\"https:\\\/\\\/colegiocim.es\\\/#\\\/schema\\\/logo\\\/image\\\/\"},\"sameAs\":[\"https:\\\/\\\/facebook.com\\\/colegiocim\",\"https:\\\/\\\/x.com\\\/cimsentmenat\"]},{\"@type\":\"Person\",\"@id\":\"https:\\\/\\\/colegiocim.es\\\/#\\\/schema\\\/person\\\/26aab585685805d0acbea8a5646e314e\",\"name\":\"Mat\u00edas Cluet\",\"image\":{\"@type\":\"ImageObject\",\"inLanguage\":\"ca\",\"@id\":\"https:\\\/\\\/secure.gravatar.com\\\/avatar\\\/88fd60871505f232c9f0dddada52105c10879f0d1617a2be55fb2ca57f73c135?s=96&d=mm&r=g\",\"url\":\"https:\\\/\\\/secure.gravatar.com\\\/avatar\\\/88fd60871505f232c9f0dddada52105c10879f0d1617a2be55fb2ca57f73c135?s=96&d=mm&r=g\",\"contentUrl\":\"https:\\\/\\\/secure.gravatar.com\\\/avatar\\\/88fd60871505f232c9f0dddada52105c10879f0d1617a2be55fb2ca57f73c135?s=96&d=mm&r=g\",\"caption\":\"Mat\u00edas Cluet\"}}]}<\/script>\n<!-- \/ Yoast SEO plugin. -->","yoast_head_json":{"title":"EXPOSICI\u00d3 DE TREBALLS DE RECERCA -TDR\u2019s - Colegio Coraz\u00f3n Inmaculado de Mar\u00eda","robots":{"index":"noindex","follow":"follow"},"og_locale":"ca_ES","og_type":"article","og_title":"EXPOSICI\u00d3 DE TREBALLS DE RECERCA -TDR\u2019s - Colegio Coraz\u00f3n Inmaculado de Mar\u00eda","og_description":"Els dies previs a les festes de la Setmana Santa, es van realitzar les defenses dels treballs de final del Batxillerat al centre, amb la participaci\u00f3 d\u2019alumnes d\u2019ESO i Batxillerat. Amb una bona riquesa i varietat de temes com: el c\u00f2mic, el blanqueig de capitals, les ter\u00e0pies amb animals per a nens amb autisme, la [&hellip;]","og_url":"https:\/\/colegiocim.es\/ca\/exposicio-de-treballs-de-recerca-tdrs\/","og_site_name":"Colegio Coraz\u00f3n Inmaculado de Mar\u00eda","article_publisher":"https:\/\/facebook.com\/colegiocim","article_published_time":"2021-04-08T10:23:47+00:00","article_modified_time":"2021-04-22T09:38:44+00:00","og_image":[{"width":599,"height":604,"url":"https:\/\/colegiocim.es\/wp-content\/uploads\/2021\/04\/tdr.png","type":"image\/png"}],"author":"Mat\u00edas Cluet","twitter_card":"summary_large_image","twitter_creator":"@cimsentmenat","twitter_site":"@cimsentmenat","twitter_misc":{"Escrit per":"Mat\u00edas Cluet","Temps estimat de lectura":"1 minut"},"schema":{"@context":"https:\/\/schema.org","@graph":[{"@type":"Article","@id":"https:\/\/colegiocim.es\/ca\/exposicio-de-treballs-de-recerca-tdrs\/#article","isPartOf":{"@id":"https:\/\/colegiocim.es\/ca\/exposicio-de-treballs-de-recerca-tdrs\/"},"author":{"name":"Mat\u00edas Cluet","@id":"https:\/\/colegiocim.es\/#\/schema\/person\/26aab585685805d0acbea8a5646e314e"},"headline":"EXPOSICI\u00d3 DE TREBALLS DE RECERCA -TDR\u2019s","datePublished":"2021-04-08T10:23:47+00:00","dateModified":"2021-04-22T09:38:44+00:00","mainEntityOfPage":{"@id":"https:\/\/colegiocim.es\/ca\/exposicio-de-treballs-de-recerca-tdrs\/"},"wordCount":147,"commentCount":0,"publisher":{"@id":"https:\/\/colegiocim.es\/#organization"},"image":{"@id":"https:\/\/colegiocim.es\/ca\/exposicio-de-treballs-de-recerca-tdrs\/#primaryimage"},"thumbnailUrl":"https:\/\/colegiocim.es\/wp-content\/uploads\/2021\/04\/tdr.png","articleSection":["Batxillerat","ESO"],"inLanguage":"ca","potentialAction":[{"@type":"CommentAction","name":"Comment","target":["https:\/\/colegiocim.es\/ca\/exposicio-de-treballs-de-recerca-tdrs\/#respond"]}]},{"@type":"WebPage","@id":"https:\/\/colegiocim.es\/ca\/exposicio-de-treballs-de-recerca-tdrs\/","url":"https:\/\/colegiocim.es\/ca\/exposicio-de-treballs-de-recerca-tdrs\/","name":"EXPOSICI\u00d3 DE TREBALLS DE RECERCA -TDR\u2019s - Colegio Coraz\u00f3n Inmaculado de Mar\u00eda","isPartOf":{"@id":"https:\/\/colegiocim.es\/#website"},"primaryImageOfPage":{"@id":"https:\/\/colegiocim.es\/ca\/exposicio-de-treballs-de-recerca-tdrs\/#primaryimage"},"image":{"@id":"https:\/\/colegiocim.es\/ca\/exposicio-de-treballs-de-recerca-tdrs\/#primaryimage"},"thumbnailUrl":"https:\/\/colegiocim.es\/wp-content\/uploads\/2021\/04\/tdr.png","datePublished":"2021-04-08T10:23:47+00:00","dateModified":"2021-04-22T09:38:44+00:00","breadcrumb":{"@id":"https:\/\/colegiocim.es\/ca\/exposicio-de-treballs-de-recerca-tdrs\/#breadcrumb"},"inLanguage":"ca","potentialAction":[{"@type":"ReadAction","target":["https:\/\/colegiocim.es\/ca\/exposicio-de-treballs-de-recerca-tdrs\/"]}]},{"@type":"ImageObject","inLanguage":"ca","@id":"https:\/\/colegiocim.es\/ca\/exposicio-de-treballs-de-recerca-tdrs\/#primaryimage","url":"https:\/\/colegiocim.es\/wp-content\/uploads\/2021\/04\/tdr.png","contentUrl":"https:\/\/colegiocim.es\/wp-content\/uploads\/2021\/04\/tdr.png","width":599,"height":604},{"@type":"BreadcrumbList","@id":"https:\/\/colegiocim.es\/ca\/exposicio-de-treballs-de-recerca-tdrs\/#breadcrumb","itemListElement":[{"@type":"ListItem","position":1,"name":"Portada","item":"https:\/\/colegiocim.es\/ca\/"},{"@type":"ListItem","position":2,"name":"EXPOSICI\u00d3 DE TREBALLS DE RECERCA -TDR\u2019s"}]},{"@type":"WebSite","@id":"https:\/\/colegiocim.es\/#website","url":"https:\/\/colegiocim.es\/","name":"Colegio Coraz\u00f3n Inmaculado de Mar\u00eda","description":"Colegio privado cat\u00f3lico en Sentmenat","publisher":{"@id":"https:\/\/colegiocim.es\/#organization"},"potentialAction":[{"@type":"SearchAction","target":{"@type":"EntryPoint","urlTemplate":"https:\/\/colegiocim.es\/?s={search_term_string}"},"query-input":{"@type":"PropertyValueSpecification","valueRequired":true,"valueName":"search_term_string"}}],"inLanguage":"ca"},{"@type":"Organization","@id":"https:\/\/colegiocim.es\/#organization","name":"Colegio Coraz\u00f3n Inmaculado de Mar\u00eda","url":"https:\/\/colegiocim.es\/","logo":{"@type":"ImageObject","inLanguage":"ca","@id":"https:\/\/colegiocim.es\/#\/schema\/logo\/image\/","url":"https:\/\/www.colegiocim.es\/wp-content\/uploads\/2021\/03\/CCIM-ESP.png","contentUrl":"https:\/\/www.colegiocim.es\/wp-content\/uploads\/2021\/03\/CCIM-ESP.png","width":357,"height":86,"caption":"Colegio Coraz\u00f3n Inmaculado de Mar\u00eda"},"image":{"@id":"https:\/\/colegiocim.es\/#\/schema\/logo\/image\/"},"sameAs":["https:\/\/facebook.com\/colegiocim","https:\/\/x.com\/cimsentmenat"]},{"@type":"Person","@id":"https:\/\/colegiocim.es\/#\/schema\/person\/26aab585685805d0acbea8a5646e314e","name":"Mat\u00edas Cluet","image":{"@type":"ImageObject","inLanguage":"ca","@id":"https:\/\/secure.gravatar.com\/avatar\/88fd60871505f232c9f0dddada52105c10879f0d1617a2be55fb2ca57f73c135?s=96&d=mm&r=g","url":"https:\/\/secure.gravatar.com\/avatar\/88fd60871505f232c9f0dddada52105c10879f0d1617a2be55fb2ca57f73c135?s=96&d=mm&r=g","contentUrl":"https:\/\/secure.gravatar.com\/avatar\/88fd60871505f232c9f0dddada52105c10879f0d1617a2be55fb2ca57f73c135?s=96&d=mm&r=g","caption":"Mat\u00edas Cluet"}}]}},"_links":{"self":[{"href":"https:\/\/colegiocim.es\/ca\/wp-json\/wp\/v2\/posts\/1525","targetHints":{"allow":["GET"]}}],"collection":[{"href":"https:\/\/colegiocim.es\/ca\/wp-json\/wp\/v2\/posts"}],"about":[{"href":"https:\/\/colegiocim.es\/ca\/wp-json\/wp\/v2\/types\/post"}],"author":[{"embeddable":true,"href":"https:\/\/colegiocim.es\/ca\/wp-json\/wp\/v2\/users\/6"}],"replies":[{"embeddable":true,"href":"https:\/\/colegiocim.es\/ca\/wp-json\/wp\/v2\/comments?post=1525"}],"version-history":[{"count":0,"href":"https:\/\/colegiocim.es\/ca\/wp-json\/wp\/v2\/posts\/1525\/revisions"}],"wp:featuredmedia":[{"embeddable":true,"href":"https:\/\/colegiocim.es\/ca\/wp-json\/wp\/v2\/media\/1523"}],"wp:attachment":[{"href":"https:\/\/colegiocim.es\/ca\/wp-json\/wp\/v2\/media?parent=1525"}],"wp:term":[{"taxonomy":"category","embeddable":true,"href":"https:\/\/colegiocim.es\/ca\/wp-json\/wp\/v2\/categories?post=1525"},{"taxonomy":"post_tag","embeddable":true,"href":"https:\/\/colegiocim.es\/ca\/wp-json\/wp\/v2\/tags?post=1525"}],"curies":[{"name":"wp","href":"https:\/\/api.w.org\/{rel}","templated":true}]}}