{"id":1543,"date":"2021-04-22T11:43:51","date_gmt":"2021-04-22T09:43:51","guid":{"rendered":"https:\/\/www.colegiocim.es\/creacio-de-maquetes-a-2on-e-s-o\/"},"modified":"2021-04-22T11:54:36","modified_gmt":"2021-04-22T09:54:36","slug":"creacio-de-maquetes-a-2on-e-s-o","status":"publish","type":"post","link":"https:\/\/colegiocim.es\/ca\/creacio-de-maquetes-a-2on-e-s-o\/","title":{"rendered":"Creaci\u00f3 de maquetes a 2on E.S.O."},"content":{"rendered":"\n<p>Els alumnes de 2on d\u2019E.S.O. han projectat i constru\u00eft en grups algunes maquetes d\u2019edificis famosos, tamb\u00e9 la construcci\u00f3 de mecanismes m\u00f2bils i est\u00e0tics d\u2019inter\u00e8s aerodin\u00e0mic. <\/p>\n\n<p>\u00c9s el cas de la simulaci\u00f3 de les dimensions i inclinaci\u00f3 d&#8217;una ala d&#8217;avi\u00f3, que, sotmesa a pressi\u00f3 d&#8217;aire, \u00e9s elevada cap amunt donant l&#8217;explicaci\u00f3 f\u00edsica de la pressi\u00f3 major de l&#8217;aire sobre la seva superf\u00edcie en travessar l&#8217;ala pels seus costats, a causa del major recorregut de les mol\u00e8cules d&#8217;aire. <\/p>\n\n<figure class=\"wp-block-gallery columns-4 is-cropped wp-block-gallery-1 is-layout-flex wp-block-gallery-is-layout-flex\"><ul class=\"blocks-gallery-grid\"><li class=\"blocks-gallery-item\"><figure><img fetchpriority=\"high\" decoding=\"async\" width=\"1024\" height=\"1024\" src=\"https:\/\/www.colegiocim.es\/wp-content\/uploads\/2021\/04\/IMG_8763-1024x1024.jpg\" alt=\"\" data-id=\"1532\" data-full-url=\"https:\/\/www.colegiocim.es\/wp-content\/uploads\/2021\/04\/IMG_8763-scaled.jpg\" data-link=\"https:\/\/www.colegiocim.es\/?attachment_id=1532\" class=\"wp-image-1532\" srcset=\"https:\/\/colegiocim.es\/wp-content\/uploads\/2021\/04\/IMG_8763-1024x1024.jpg 1024w, https:\/\/colegiocim.es\/wp-content\/uploads\/2021\/04\/IMG_8763-300x300.jpg 300w, https:\/\/colegiocim.es\/wp-content\/uploads\/2021\/04\/IMG_8763-150x150.jpg 150w, https:\/\/colegiocim.es\/wp-content\/uploads\/2021\/04\/IMG_8763-768x768.jpg 768w, https:\/\/colegiocim.es\/wp-content\/uploads\/2021\/04\/IMG_8763-1536x1536.jpg 1536w, https:\/\/colegiocim.es\/wp-content\/uploads\/2021\/04\/IMG_8763-2048x2048.jpg 2048w\" sizes=\"(max-width: 1024px) 100vw, 1024px\" \/><\/figure><\/li><li class=\"blocks-gallery-item\"><figure><img decoding=\"async\" width=\"1024\" height=\"1024\" src=\"https:\/\/www.colegiocim.es\/wp-content\/uploads\/2021\/04\/IMG_8764-1024x1024.jpg\" alt=\"\" data-id=\"1534\" data-full-url=\"https:\/\/www.colegiocim.es\/wp-content\/uploads\/2021\/04\/IMG_8764-scaled.jpg\" data-link=\"https:\/\/www.colegiocim.es\/?attachment_id=1534\" class=\"wp-image-1534\" srcset=\"https:\/\/colegiocim.es\/wp-content\/uploads\/2021\/04\/IMG_8764-1024x1024.jpg 1024w, https:\/\/colegiocim.es\/wp-content\/uploads\/2021\/04\/IMG_8764-300x300.jpg 300w, https:\/\/colegiocim.es\/wp-content\/uploads\/2021\/04\/IMG_8764-150x150.jpg 150w, https:\/\/colegiocim.es\/wp-content\/uploads\/2021\/04\/IMG_8764-768x768.jpg 768w, https:\/\/colegiocim.es\/wp-content\/uploads\/2021\/04\/IMG_8764-1536x1536.jpg 1536w, https:\/\/colegiocim.es\/wp-content\/uploads\/2021\/04\/IMG_8764-2048x2048.jpg 2048w\" sizes=\"(max-width: 1024px) 100vw, 1024px\" \/><\/figure><\/li><li class=\"blocks-gallery-item\"><figure><img decoding=\"async\" width=\"1024\" height=\"768\" src=\"https:\/\/www.colegiocim.es\/wp-content\/uploads\/2021\/04\/IMG_8768-1024x768.jpg\" alt=\"\" data-id=\"1536\" data-full-url=\"https:\/\/www.colegiocim.es\/wp-content\/uploads\/2021\/04\/IMG_8768-scaled.jpg\" data-link=\"https:\/\/www.colegiocim.es\/?attachment_id=1536\" class=\"wp-image-1536\" srcset=\"https:\/\/colegiocim.es\/wp-content\/uploads\/2021\/04\/IMG_8768-1024x768.jpg 1024w, https:\/\/colegiocim.es\/wp-content\/uploads\/2021\/04\/IMG_8768-300x225.jpg 300w, https:\/\/colegiocim.es\/wp-content\/uploads\/2021\/04\/IMG_8768-768x576.jpg 768w, https:\/\/colegiocim.es\/wp-content\/uploads\/2021\/04\/IMG_8768-1536x1152.jpg 1536w, https:\/\/colegiocim.es\/wp-content\/uploads\/2021\/04\/IMG_8768-2048x1536.jpg 2048w\" sizes=\"(max-width: 1024px) 100vw, 1024px\" \/><\/figure><\/li><li class=\"blocks-gallery-item\"><figure><img loading=\"lazy\" decoding=\"async\" width=\"1024\" height=\"768\" src=\"https:\/\/www.colegiocim.es\/wp-content\/uploads\/2021\/04\/IMG_8771-1024x768.jpg\" alt=\"\" data-id=\"1538\" data-full-url=\"https:\/\/www.colegiocim.es\/wp-content\/uploads\/2021\/04\/IMG_8771-scaled.jpg\" data-link=\"https:\/\/www.colegiocim.es\/?attachment_id=1538\" class=\"wp-image-1538\" srcset=\"https:\/\/colegiocim.es\/wp-content\/uploads\/2021\/04\/IMG_8771-1024x768.jpg 1024w, https:\/\/colegiocim.es\/wp-content\/uploads\/2021\/04\/IMG_8771-300x225.jpg 300w, https:\/\/colegiocim.es\/wp-content\/uploads\/2021\/04\/IMG_8771-768x576.jpg 768w, https:\/\/colegiocim.es\/wp-content\/uploads\/2021\/04\/IMG_8771-1536x1152.jpg 1536w, https:\/\/colegiocim.es\/wp-content\/uploads\/2021\/04\/IMG_8771-2048x1536.jpg 2048w\" sizes=\"(max-width: 1024px) 100vw, 1024px\" \/><\/figure><\/li><\/ul><\/figure>\n<p>Les creacions han estat fetes a l&#8217;aula taller de tecnologia, i realitzades en grups redu\u00efts, treballant en equip. <\/p>\n","protected":false},"excerpt":{"rendered":"<p>Els alumnes de 2on d\u2019E.S.O. han projectat i constru\u00eft en grups algunes maquetes d\u2019edificis famosos, tamb\u00e9 la construcci\u00f3 de mecanismes m\u00f2bils i est\u00e0tics d\u2019inter\u00e8s aerodin\u00e0mic. \u00c9s el cas de la simulaci\u00f3 de les dimensions i inclinaci\u00f3 d&#8217;una ala d&#8217;avi\u00f3, que, sotmesa a pressi\u00f3 d&#8217;aire, \u00e9s elevada cap amunt donant l&#8217;explicaci\u00f3 f\u00edsica de la pressi\u00f3 major [&hellip;]<\/p>\n","protected":false},"author":6,"featured_media":1541,"comment_status":"open","ping_status":"open","sticky":false,"template":"","format":"standard","meta":{"footnotes":""},"categories":[41],"tags":[],"class_list":["post-1543","post","type-post","status-publish","format-standard","has-post-thumbnail","hentry","category-eso-ca"],"yoast_head":"<!-- This site is optimized with the Yoast SEO plugin v27.5 - https:\/\/yoast.com\/product\/yoast-seo-wordpress\/ -->\n<title>Creaci\u00f3 de maquetes a 2on E.S.O. - Colegio Coraz\u00f3n Inmaculado de Mar\u00eda<\/title>\n<meta name=\"robots\" content=\"noindex, follow\" \/>\n<meta property=\"og:locale\" content=\"ca_ES\" \/>\n<meta property=\"og:type\" content=\"article\" \/>\n<meta property=\"og:title\" content=\"Creaci\u00f3 de maquetes a 2on E.S.O. - Colegio Coraz\u00f3n Inmaculado de Mar\u00eda\" \/>\n<meta property=\"og:description\" content=\"Els alumnes de 2on d\u2019E.S.O. han projectat i constru\u00eft en grups algunes maquetes d\u2019edificis famosos, tamb\u00e9 la construcci\u00f3 de mecanismes m\u00f2bils i est\u00e0tics d\u2019inter\u00e8s aerodin\u00e0mic. \u00c9s el cas de la simulaci\u00f3 de les dimensions i inclinaci\u00f3 d&#8217;una ala d&#8217;avi\u00f3, que, sotmesa a pressi\u00f3 d&#8217;aire, \u00e9s elevada cap amunt donant l&#8217;explicaci\u00f3 f\u00edsica de la pressi\u00f3 major [&hellip;]\" \/>\n<meta property=\"og:url\" content=\"https:\/\/colegiocim.es\/ca\/creacio-de-maquetes-a-2on-e-s-o\/\" \/>\n<meta property=\"og:site_name\" content=\"Colegio Coraz\u00f3n Inmaculado de Mar\u00eda\" \/>\n<meta property=\"article:publisher\" content=\"https:\/\/facebook.com\/colegiocim\" \/>\n<meta property=\"article:published_time\" content=\"2021-04-22T09:43:51+00:00\" \/>\n<meta property=\"article:modified_time\" content=\"2021-04-22T09:54:36+00:00\" \/>\n<meta property=\"og:image\" content=\"https:\/\/colegiocim.es\/wp-content\/uploads\/2021\/04\/IMG_8773.jpg\" \/>\n\t<meta property=\"og:image:width\" content=\"2016\" \/>\n\t<meta property=\"og:image:height\" content=\"1512\" \/>\n\t<meta property=\"og:image:type\" content=\"image\/jpeg\" \/>\n<meta name=\"author\" content=\"Mat\u00edas Cluet\" \/>\n<meta name=\"twitter:card\" content=\"summary_large_image\" \/>\n<meta name=\"twitter:creator\" content=\"@cimsentmenat\" \/>\n<meta name=\"twitter:site\" content=\"@cimsentmenat\" \/>\n<meta name=\"twitter:label1\" content=\"Escrit per\" \/>\n\t<meta name=\"twitter:data1\" content=\"Mat\u00edas Cluet\" \/>\n\t<meta name=\"twitter:label2\" content=\"Temps estimat de lectura\" \/>\n\t<meta name=\"twitter:data2\" content=\"1 minut\" \/>\n<script type=\"application\/ld+json\" class=\"yoast-schema-graph\">{\"@context\":\"https:\\\/\\\/schema.org\",\"@graph\":[{\"@type\":\"Article\",\"@id\":\"https:\\\/\\\/colegiocim.es\\\/ca\\\/creacio-de-maquetes-a-2on-e-s-o\\\/#article\",\"isPartOf\":{\"@id\":\"https:\\\/\\\/colegiocim.es\\\/ca\\\/creacio-de-maquetes-a-2on-e-s-o\\\/\"},\"author\":{\"name\":\"Mat\u00edas Cluet\",\"@id\":\"https:\\\/\\\/colegiocim.es\\\/#\\\/schema\\\/person\\\/26aab585685805d0acbea8a5646e314e\"},\"headline\":\"Creaci\u00f3 de maquetes a 2on E.S.O.\",\"datePublished\":\"2021-04-22T09:43:51+00:00\",\"dateModified\":\"2021-04-22T09:54:36+00:00\",\"mainEntityOfPage\":{\"@id\":\"https:\\\/\\\/colegiocim.es\\\/ca\\\/creacio-de-maquetes-a-2on-e-s-o\\\/\"},\"wordCount\":116,\"commentCount\":0,\"publisher\":{\"@id\":\"https:\\\/\\\/colegiocim.es\\\/#organization\"},\"image\":{\"@id\":\"https:\\\/\\\/colegiocim.es\\\/ca\\\/creacio-de-maquetes-a-2on-e-s-o\\\/#primaryimage\"},\"thumbnailUrl\":\"https:\\\/\\\/colegiocim.es\\\/wp-content\\\/uploads\\\/2021\\\/04\\\/IMG_8773.jpg\",\"articleSection\":[\"ESO\"],\"inLanguage\":\"ca\",\"potentialAction\":[{\"@type\":\"CommentAction\",\"name\":\"Comment\",\"target\":[\"https:\\\/\\\/colegiocim.es\\\/ca\\\/creacio-de-maquetes-a-2on-e-s-o\\\/#respond\"]}]},{\"@type\":\"WebPage\",\"@id\":\"https:\\\/\\\/colegiocim.es\\\/ca\\\/creacio-de-maquetes-a-2on-e-s-o\\\/\",\"url\":\"https:\\\/\\\/colegiocim.es\\\/ca\\\/creacio-de-maquetes-a-2on-e-s-o\\\/\",\"name\":\"Creaci\u00f3 de maquetes a 2on E.S.O. - Colegio Coraz\u00f3n Inmaculado de Mar\u00eda\",\"isPartOf\":{\"@id\":\"https:\\\/\\\/colegiocim.es\\\/#website\"},\"primaryImageOfPage\":{\"@id\":\"https:\\\/\\\/colegiocim.es\\\/ca\\\/creacio-de-maquetes-a-2on-e-s-o\\\/#primaryimage\"},\"image\":{\"@id\":\"https:\\\/\\\/colegiocim.es\\\/ca\\\/creacio-de-maquetes-a-2on-e-s-o\\\/#primaryimage\"},\"thumbnailUrl\":\"https:\\\/\\\/colegiocim.es\\\/wp-content\\\/uploads\\\/2021\\\/04\\\/IMG_8773.jpg\",\"datePublished\":\"2021-04-22T09:43:51+00:00\",\"dateModified\":\"2021-04-22T09:54:36+00:00\",\"breadcrumb\":{\"@id\":\"https:\\\/\\\/colegiocim.es\\\/ca\\\/creacio-de-maquetes-a-2on-e-s-o\\\/#breadcrumb\"},\"inLanguage\":\"ca\",\"potentialAction\":[{\"@type\":\"ReadAction\",\"target\":[\"https:\\\/\\\/colegiocim.es\\\/ca\\\/creacio-de-maquetes-a-2on-e-s-o\\\/\"]}]},{\"@type\":\"ImageObject\",\"inLanguage\":\"ca\",\"@id\":\"https:\\\/\\\/colegiocim.es\\\/ca\\\/creacio-de-maquetes-a-2on-e-s-o\\\/#primaryimage\",\"url\":\"https:\\\/\\\/colegiocim.es\\\/wp-content\\\/uploads\\\/2021\\\/04\\\/IMG_8773.jpg\",\"contentUrl\":\"https:\\\/\\\/colegiocim.es\\\/wp-content\\\/uploads\\\/2021\\\/04\\\/IMG_8773.jpg\",\"width\":2016,\"height\":1512},{\"@type\":\"BreadcrumbList\",\"@id\":\"https:\\\/\\\/colegiocim.es\\\/ca\\\/creacio-de-maquetes-a-2on-e-s-o\\\/#breadcrumb\",\"itemListElement\":[{\"@type\":\"ListItem\",\"position\":1,\"name\":\"Portada\",\"item\":\"https:\\\/\\\/colegiocim.es\\\/ca\\\/\"},{\"@type\":\"ListItem\",\"position\":2,\"name\":\"Creaci\u00f3 de maquetes a 2on E.S.O.\"}]},{\"@type\":\"WebSite\",\"@id\":\"https:\\\/\\\/colegiocim.es\\\/#website\",\"url\":\"https:\\\/\\\/colegiocim.es\\\/\",\"name\":\"Colegio Coraz\u00f3n Inmaculado de Mar\u00eda\",\"description\":\"Colegio privado cat\u00f3lico en Sentmenat\",\"publisher\":{\"@id\":\"https:\\\/\\\/colegiocim.es\\\/#organization\"},\"potentialAction\":[{\"@type\":\"SearchAction\",\"target\":{\"@type\":\"EntryPoint\",\"urlTemplate\":\"https:\\\/\\\/colegiocim.es\\\/?s={search_term_string}\"},\"query-input\":{\"@type\":\"PropertyValueSpecification\",\"valueRequired\":true,\"valueName\":\"search_term_string\"}}],\"inLanguage\":\"ca\"},{\"@type\":\"Organization\",\"@id\":\"https:\\\/\\\/colegiocim.es\\\/#organization\",\"name\":\"Colegio Coraz\u00f3n Inmaculado de Mar\u00eda\",\"url\":\"https:\\\/\\\/colegiocim.es\\\/\",\"logo\":{\"@type\":\"ImageObject\",\"inLanguage\":\"ca\",\"@id\":\"https:\\\/\\\/colegiocim.es\\\/#\\\/schema\\\/logo\\\/image\\\/\",\"url\":\"https:\\\/\\\/www.colegiocim.es\\\/wp-content\\\/uploads\\\/2021\\\/03\\\/CCIM-ESP.png\",\"contentUrl\":\"https:\\\/\\\/www.colegiocim.es\\\/wp-content\\\/uploads\\\/2021\\\/03\\\/CCIM-ESP.png\",\"width\":357,\"height\":86,\"caption\":\"Colegio Coraz\u00f3n Inmaculado de Mar\u00eda\"},\"image\":{\"@id\":\"https:\\\/\\\/colegiocim.es\\\/#\\\/schema\\\/logo\\\/image\\\/\"},\"sameAs\":[\"https:\\\/\\\/facebook.com\\\/colegiocim\",\"https:\\\/\\\/x.com\\\/cimsentmenat\"]},{\"@type\":\"Person\",\"@id\":\"https:\\\/\\\/colegiocim.es\\\/#\\\/schema\\\/person\\\/26aab585685805d0acbea8a5646e314e\",\"name\":\"Mat\u00edas Cluet\",\"image\":{\"@type\":\"ImageObject\",\"inLanguage\":\"ca\",\"@id\":\"https:\\\/\\\/secure.gravatar.com\\\/avatar\\\/88fd60871505f232c9f0dddada52105c10879f0d1617a2be55fb2ca57f73c135?s=96&d=mm&r=g\",\"url\":\"https:\\\/\\\/secure.gravatar.com\\\/avatar\\\/88fd60871505f232c9f0dddada52105c10879f0d1617a2be55fb2ca57f73c135?s=96&d=mm&r=g\",\"contentUrl\":\"https:\\\/\\\/secure.gravatar.com\\\/avatar\\\/88fd60871505f232c9f0dddada52105c10879f0d1617a2be55fb2ca57f73c135?s=96&d=mm&r=g\",\"caption\":\"Mat\u00edas Cluet\"}}]}<\/script>\n<!-- \/ Yoast SEO plugin. -->","yoast_head_json":{"title":"Creaci\u00f3 de maquetes a 2on E.S.O. - Colegio Coraz\u00f3n Inmaculado de Mar\u00eda","robots":{"index":"noindex","follow":"follow"},"og_locale":"ca_ES","og_type":"article","og_title":"Creaci\u00f3 de maquetes a 2on E.S.O. - Colegio Coraz\u00f3n Inmaculado de Mar\u00eda","og_description":"Els alumnes de 2on d\u2019E.S.O. han projectat i constru\u00eft en grups algunes maquetes d\u2019edificis famosos, tamb\u00e9 la construcci\u00f3 de mecanismes m\u00f2bils i est\u00e0tics d\u2019inter\u00e8s aerodin\u00e0mic. \u00c9s el cas de la simulaci\u00f3 de les dimensions i inclinaci\u00f3 d&#8217;una ala d&#8217;avi\u00f3, que, sotmesa a pressi\u00f3 d&#8217;aire, \u00e9s elevada cap amunt donant l&#8217;explicaci\u00f3 f\u00edsica de la pressi\u00f3 major [&hellip;]","og_url":"https:\/\/colegiocim.es\/ca\/creacio-de-maquetes-a-2on-e-s-o\/","og_site_name":"Colegio Coraz\u00f3n Inmaculado de Mar\u00eda","article_publisher":"https:\/\/facebook.com\/colegiocim","article_published_time":"2021-04-22T09:43:51+00:00","article_modified_time":"2021-04-22T09:54:36+00:00","og_image":[{"width":2016,"height":1512,"url":"https:\/\/colegiocim.es\/wp-content\/uploads\/2021\/04\/IMG_8773.jpg","type":"image\/jpeg"}],"author":"Mat\u00edas Cluet","twitter_card":"summary_large_image","twitter_creator":"@cimsentmenat","twitter_site":"@cimsentmenat","twitter_misc":{"Escrit per":"Mat\u00edas Cluet","Temps estimat de lectura":"1 minut"},"schema":{"@context":"https:\/\/schema.org","@graph":[{"@type":"Article","@id":"https:\/\/colegiocim.es\/ca\/creacio-de-maquetes-a-2on-e-s-o\/#article","isPartOf":{"@id":"https:\/\/colegiocim.es\/ca\/creacio-de-maquetes-a-2on-e-s-o\/"},"author":{"name":"Mat\u00edas Cluet","@id":"https:\/\/colegiocim.es\/#\/schema\/person\/26aab585685805d0acbea8a5646e314e"},"headline":"Creaci\u00f3 de maquetes a 2on E.S.O.","datePublished":"2021-04-22T09:43:51+00:00","dateModified":"2021-04-22T09:54:36+00:00","mainEntityOfPage":{"@id":"https:\/\/colegiocim.es\/ca\/creacio-de-maquetes-a-2on-e-s-o\/"},"wordCount":116,"commentCount":0,"publisher":{"@id":"https:\/\/colegiocim.es\/#organization"},"image":{"@id":"https:\/\/colegiocim.es\/ca\/creacio-de-maquetes-a-2on-e-s-o\/#primaryimage"},"thumbnailUrl":"https:\/\/colegiocim.es\/wp-content\/uploads\/2021\/04\/IMG_8773.jpg","articleSection":["ESO"],"inLanguage":"ca","potentialAction":[{"@type":"CommentAction","name":"Comment","target":["https:\/\/colegiocim.es\/ca\/creacio-de-maquetes-a-2on-e-s-o\/#respond"]}]},{"@type":"WebPage","@id":"https:\/\/colegiocim.es\/ca\/creacio-de-maquetes-a-2on-e-s-o\/","url":"https:\/\/colegiocim.es\/ca\/creacio-de-maquetes-a-2on-e-s-o\/","name":"Creaci\u00f3 de maquetes a 2on E.S.O. - Colegio Coraz\u00f3n Inmaculado de Mar\u00eda","isPartOf":{"@id":"https:\/\/colegiocim.es\/#website"},"primaryImageOfPage":{"@id":"https:\/\/colegiocim.es\/ca\/creacio-de-maquetes-a-2on-e-s-o\/#primaryimage"},"image":{"@id":"https:\/\/colegiocim.es\/ca\/creacio-de-maquetes-a-2on-e-s-o\/#primaryimage"},"thumbnailUrl":"https:\/\/colegiocim.es\/wp-content\/uploads\/2021\/04\/IMG_8773.jpg","datePublished":"2021-04-22T09:43:51+00:00","dateModified":"2021-04-22T09:54:36+00:00","breadcrumb":{"@id":"https:\/\/colegiocim.es\/ca\/creacio-de-maquetes-a-2on-e-s-o\/#breadcrumb"},"inLanguage":"ca","potentialAction":[{"@type":"ReadAction","target":["https:\/\/colegiocim.es\/ca\/creacio-de-maquetes-a-2on-e-s-o\/"]}]},{"@type":"ImageObject","inLanguage":"ca","@id":"https:\/\/colegiocim.es\/ca\/creacio-de-maquetes-a-2on-e-s-o\/#primaryimage","url":"https:\/\/colegiocim.es\/wp-content\/uploads\/2021\/04\/IMG_8773.jpg","contentUrl":"https:\/\/colegiocim.es\/wp-content\/uploads\/2021\/04\/IMG_8773.jpg","width":2016,"height":1512},{"@type":"BreadcrumbList","@id":"https:\/\/colegiocim.es\/ca\/creacio-de-maquetes-a-2on-e-s-o\/#breadcrumb","itemListElement":[{"@type":"ListItem","position":1,"name":"Portada","item":"https:\/\/colegiocim.es\/ca\/"},{"@type":"ListItem","position":2,"name":"Creaci\u00f3 de maquetes a 2on E.S.O."}]},{"@type":"WebSite","@id":"https:\/\/colegiocim.es\/#website","url":"https:\/\/colegiocim.es\/","name":"Colegio Coraz\u00f3n Inmaculado de Mar\u00eda","description":"Colegio privado cat\u00f3lico en Sentmenat","publisher":{"@id":"https:\/\/colegiocim.es\/#organization"},"potentialAction":[{"@type":"SearchAction","target":{"@type":"EntryPoint","urlTemplate":"https:\/\/colegiocim.es\/?s={search_term_string}"},"query-input":{"@type":"PropertyValueSpecification","valueRequired":true,"valueName":"search_term_string"}}],"inLanguage":"ca"},{"@type":"Organization","@id":"https:\/\/colegiocim.es\/#organization","name":"Colegio Coraz\u00f3n Inmaculado de Mar\u00eda","url":"https:\/\/colegiocim.es\/","logo":{"@type":"ImageObject","inLanguage":"ca","@id":"https:\/\/colegiocim.es\/#\/schema\/logo\/image\/","url":"https:\/\/www.colegiocim.es\/wp-content\/uploads\/2021\/03\/CCIM-ESP.png","contentUrl":"https:\/\/www.colegiocim.es\/wp-content\/uploads\/2021\/03\/CCIM-ESP.png","width":357,"height":86,"caption":"Colegio Coraz\u00f3n Inmaculado de Mar\u00eda"},"image":{"@id":"https:\/\/colegiocim.es\/#\/schema\/logo\/image\/"},"sameAs":["https:\/\/facebook.com\/colegiocim","https:\/\/x.com\/cimsentmenat"]},{"@type":"Person","@id":"https:\/\/colegiocim.es\/#\/schema\/person\/26aab585685805d0acbea8a5646e314e","name":"Mat\u00edas Cluet","image":{"@type":"ImageObject","inLanguage":"ca","@id":"https:\/\/secure.gravatar.com\/avatar\/88fd60871505f232c9f0dddada52105c10879f0d1617a2be55fb2ca57f73c135?s=96&d=mm&r=g","url":"https:\/\/secure.gravatar.com\/avatar\/88fd60871505f232c9f0dddada52105c10879f0d1617a2be55fb2ca57f73c135?s=96&d=mm&r=g","contentUrl":"https:\/\/secure.gravatar.com\/avatar\/88fd60871505f232c9f0dddada52105c10879f0d1617a2be55fb2ca57f73c135?s=96&d=mm&r=g","caption":"Mat\u00edas Cluet"}}]}},"_links":{"self":[{"href":"https:\/\/colegiocim.es\/ca\/wp-json\/wp\/v2\/posts\/1543","targetHints":{"allow":["GET"]}}],"collection":[{"href":"https:\/\/colegiocim.es\/ca\/wp-json\/wp\/v2\/posts"}],"about":[{"href":"https:\/\/colegiocim.es\/ca\/wp-json\/wp\/v2\/types\/post"}],"author":[{"embeddable":true,"href":"https:\/\/colegiocim.es\/ca\/wp-json\/wp\/v2\/users\/6"}],"replies":[{"embeddable":true,"href":"https:\/\/colegiocim.es\/ca\/wp-json\/wp\/v2\/comments?post=1543"}],"version-history":[{"count":0,"href":"https:\/\/colegiocim.es\/ca\/wp-json\/wp\/v2\/posts\/1543\/revisions"}],"wp:featuredmedia":[{"embeddable":true,"href":"https:\/\/colegiocim.es\/ca\/wp-json\/wp\/v2\/media\/1541"}],"wp:attachment":[{"href":"https:\/\/colegiocim.es\/ca\/wp-json\/wp\/v2\/media?parent=1543"}],"wp:term":[{"taxonomy":"category","embeddable":true,"href":"https:\/\/colegiocim.es\/ca\/wp-json\/wp\/v2\/categories?post=1543"},{"taxonomy":"post_tag","embeddable":true,"href":"https:\/\/colegiocim.es\/ca\/wp-json\/wp\/v2\/tags?post=1543"}],"curies":[{"name":"wp","href":"https:\/\/api.w.org\/{rel}","templated":true}]}}