{"id":1615,"date":"2021-04-26T15:33:35","date_gmt":"2021-04-26T13:33:35","guid":{"rendered":"https:\/\/www.colegiocim.es\/pasqua-a-primaria\/"},"modified":"2021-04-26T15:46:41","modified_gmt":"2021-04-26T13:46:41","slug":"pasqua-a-primaria","status":"publish","type":"post","link":"https:\/\/colegiocim.es\/ca\/pasqua-a-primaria\/","title":{"rendered":"Pasqua a Prim\u00e0ria"},"content":{"rendered":"\n<p>Vam iniciar aquest mes d\u2019abril festejant el gran misteri de la nostra fe: la Resurrecci\u00f3 de Jesucrist. El dimarts de Pasqua, els alumnes de 5\u00e8 i 6\u00e8, van iniciar la cerca dels ous de Pasqua amagats pels voltants del pati del Col\u00b7legi. <\/p>\n\n<figure class=\"wp-block-gallery columns-2 wp-block-gallery-1 is-layout-flex wp-block-gallery-is-layout-flex\"><ul class=\"blocks-gallery-grid\"><li class=\"blocks-gallery-item\"><figure><img fetchpriority=\"high\" decoding=\"async\" width=\"1296\" height=\"2304\" src=\"https:\/\/www.colegiocim.es\/wp-content\/uploads\/2021\/04\/IMG_20210406_141113.jpg\" alt=\"\" data-id=\"1564\" data-full-url=\"https:\/\/www.colegiocim.es\/wp-content\/uploads\/2021\/04\/IMG_20210406_141113.jpg\" data-link=\"https:\/\/www.colegiocim.es\/?attachment_id=1564\" class=\"wp-image-1564\" srcset=\"https:\/\/colegiocim.es\/wp-content\/uploads\/2021\/04\/IMG_20210406_141113.jpg 1296w, https:\/\/colegiocim.es\/wp-content\/uploads\/2021\/04\/IMG_20210406_141113-169x300.jpg 169w, https:\/\/colegiocim.es\/wp-content\/uploads\/2021\/04\/IMG_20210406_141113-576x1024.jpg 576w, https:\/\/colegiocim.es\/wp-content\/uploads\/2021\/04\/IMG_20210406_141113-768x1365.jpg 768w, https:\/\/colegiocim.es\/wp-content\/uploads\/2021\/04\/IMG_20210406_141113-864x1536.jpg 864w, https:\/\/colegiocim.es\/wp-content\/uploads\/2021\/04\/IMG_20210406_141113-1152x2048.jpg 1152w\" sizes=\"(max-width: 1296px) 100vw, 1296px\" \/><\/figure><\/li><li class=\"blocks-gallery-item\"><figure><img decoding=\"async\" width=\"1296\" height=\"2304\" src=\"https:\/\/www.colegiocim.es\/wp-content\/uploads\/2021\/04\/IMG_20210406_141830.jpg\" alt=\"\" data-id=\"1568\" data-full-url=\"https:\/\/www.colegiocim.es\/wp-content\/uploads\/2021\/04\/IMG_20210406_141830.jpg\" data-link=\"https:\/\/www.colegiocim.es\/?attachment_id=1568\" class=\"wp-image-1568\" srcset=\"https:\/\/colegiocim.es\/wp-content\/uploads\/2021\/04\/IMG_20210406_141830.jpg 1296w, https:\/\/colegiocim.es\/wp-content\/uploads\/2021\/04\/IMG_20210406_141830-169x300.jpg 169w, https:\/\/colegiocim.es\/wp-content\/uploads\/2021\/04\/IMG_20210406_141830-576x1024.jpg 576w, https:\/\/colegiocim.es\/wp-content\/uploads\/2021\/04\/IMG_20210406_141830-768x1365.jpg 768w, https:\/\/colegiocim.es\/wp-content\/uploads\/2021\/04\/IMG_20210406_141830-864x1536.jpg 864w, https:\/\/colegiocim.es\/wp-content\/uploads\/2021\/04\/IMG_20210406_141830-1152x2048.jpg 1152w\" sizes=\"(max-width: 1296px) 100vw, 1296px\" \/><\/figure><\/li><li class=\"blocks-gallery-item\"><figure><img decoding=\"async\" width=\"2304\" height=\"1296\" src=\"https:\/\/www.colegiocim.es\/wp-content\/uploads\/2021\/04\/IMG_20210406_141256.jpg\" alt=\"\" data-id=\"1566\" data-full-url=\"https:\/\/www.colegiocim.es\/wp-content\/uploads\/2021\/04\/IMG_20210406_141256.jpg\" data-link=\"https:\/\/www.colegiocim.es\/?attachment_id=1566\" class=\"wp-image-1566\" srcset=\"https:\/\/colegiocim.es\/wp-content\/uploads\/2021\/04\/IMG_20210406_141256.jpg 2304w, https:\/\/colegiocim.es\/wp-content\/uploads\/2021\/04\/IMG_20210406_141256-300x169.jpg 300w, https:\/\/colegiocim.es\/wp-content\/uploads\/2021\/04\/IMG_20210406_141256-1024x576.jpg 1024w, https:\/\/colegiocim.es\/wp-content\/uploads\/2021\/04\/IMG_20210406_141256-768x432.jpg 768w, https:\/\/colegiocim.es\/wp-content\/uploads\/2021\/04\/IMG_20210406_141256-1536x864.jpg 1536w, https:\/\/colegiocim.es\/wp-content\/uploads\/2021\/04\/IMG_20210406_141256-2048x1152.jpg 2048w\" sizes=\"(max-width: 2304px) 100vw, 2304px\" \/><\/figure><\/li><\/ul><\/figure>\n<p>Com corrien! Amb molt poc temps ja els havien trobat tots i, amb molt\u00edssima il\u00b7lusi\u00f3 i gaudint del moment, se\u2019ls van menjar tots. No en qued\u00e0 cap! <\/p>\n","protected":false},"excerpt":{"rendered":"<p>Vam iniciar aquest mes d\u2019abril festejant el gran misteri de la nostra fe: la Resurrecci\u00f3 de Jesucrist. El dimarts de Pasqua, els alumnes de 5\u00e8 i 6\u00e8, van iniciar la cerca dels ous de Pasqua amagats pels voltants del pati del Col\u00b7legi. Com corrien! Amb molt poc temps ja els havien trobat tots i, amb [&hellip;]<\/p>\n","protected":false},"author":6,"featured_media":1571,"comment_status":"open","ping_status":"open","sticky":false,"template":"","format":"standard","meta":{"footnotes":""},"categories":[40],"tags":[],"class_list":["post-1615","post","type-post","status-publish","format-standard","has-post-thumbnail","hentry","category-primaria-ca"],"yoast_head":"<!-- This site is optimized with the Yoast SEO plugin v27.5 - https:\/\/yoast.com\/product\/yoast-seo-wordpress\/ -->\n<title>Pasqua a Prim\u00e0ria - Colegio Coraz\u00f3n Inmaculado de Mar\u00eda<\/title>\n<meta name=\"robots\" content=\"noindex, follow\" \/>\n<meta property=\"og:locale\" content=\"ca_ES\" \/>\n<meta property=\"og:type\" content=\"article\" \/>\n<meta property=\"og:title\" content=\"Pasqua a Prim\u00e0ria - Colegio Coraz\u00f3n Inmaculado de Mar\u00eda\" \/>\n<meta property=\"og:description\" content=\"Vam iniciar aquest mes d\u2019abril festejant el gran misteri de la nostra fe: la Resurrecci\u00f3 de Jesucrist. El dimarts de Pasqua, els alumnes de 5\u00e8 i 6\u00e8, van iniciar la cerca dels ous de Pasqua amagats pels voltants del pati del Col\u00b7legi. Com corrien! Amb molt poc temps ja els havien trobat tots i, amb [&hellip;]\" \/>\n<meta property=\"og:url\" content=\"https:\/\/colegiocim.es\/ca\/pasqua-a-primaria\/\" \/>\n<meta property=\"og:site_name\" content=\"Colegio Coraz\u00f3n Inmaculado de Mar\u00eda\" \/>\n<meta property=\"article:publisher\" content=\"https:\/\/facebook.com\/colegiocim\" \/>\n<meta property=\"article:published_time\" content=\"2021-04-26T13:33:35+00:00\" \/>\n<meta property=\"article:modified_time\" content=\"2021-04-26T13:46:41+00:00\" \/>\n<meta property=\"og:image\" content=\"https:\/\/colegiocim.es\/wp-content\/uploads\/2021\/04\/IMG_20210406_142410.jpg\" \/>\n\t<meta property=\"og:image:width\" content=\"2304\" \/>\n\t<meta property=\"og:image:height\" content=\"1296\" \/>\n\t<meta property=\"og:image:type\" content=\"image\/jpeg\" \/>\n<meta name=\"author\" content=\"Mat\u00edas Cluet\" \/>\n<meta name=\"twitter:card\" content=\"summary_large_image\" \/>\n<meta name=\"twitter:creator\" content=\"@cimsentmenat\" \/>\n<meta name=\"twitter:site\" content=\"@cimsentmenat\" \/>\n<meta name=\"twitter:label1\" content=\"Escrit per\" \/>\n\t<meta name=\"twitter:data1\" content=\"Mat\u00edas Cluet\" \/>\n<script type=\"application\/ld+json\" class=\"yoast-schema-graph\">{\"@context\":\"https:\\\/\\\/schema.org\",\"@graph\":[{\"@type\":\"Article\",\"@id\":\"https:\\\/\\\/colegiocim.es\\\/ca\\\/pasqua-a-primaria\\\/#article\",\"isPartOf\":{\"@id\":\"https:\\\/\\\/colegiocim.es\\\/ca\\\/pasqua-a-primaria\\\/\"},\"author\":{\"name\":\"Mat\u00edas Cluet\",\"@id\":\"https:\\\/\\\/colegiocim.es\\\/#\\\/schema\\\/person\\\/26aab585685805d0acbea8a5646e314e\"},\"headline\":\"Pasqua a Prim\u00e0ria\",\"datePublished\":\"2021-04-26T13:33:35+00:00\",\"dateModified\":\"2021-04-26T13:46:41+00:00\",\"mainEntityOfPage\":{\"@id\":\"https:\\\/\\\/colegiocim.es\\\/ca\\\/pasqua-a-primaria\\\/\"},\"wordCount\":76,\"commentCount\":0,\"publisher\":{\"@id\":\"https:\\\/\\\/colegiocim.es\\\/#organization\"},\"image\":{\"@id\":\"https:\\\/\\\/colegiocim.es\\\/ca\\\/pasqua-a-primaria\\\/#primaryimage\"},\"thumbnailUrl\":\"https:\\\/\\\/colegiocim.es\\\/wp-content\\\/uploads\\\/2021\\\/04\\\/IMG_20210406_142410.jpg\",\"articleSection\":[\"Prim\u00e0ria\"],\"inLanguage\":\"ca\",\"potentialAction\":[{\"@type\":\"CommentAction\",\"name\":\"Comment\",\"target\":[\"https:\\\/\\\/colegiocim.es\\\/ca\\\/pasqua-a-primaria\\\/#respond\"]}]},{\"@type\":\"WebPage\",\"@id\":\"https:\\\/\\\/colegiocim.es\\\/ca\\\/pasqua-a-primaria\\\/\",\"url\":\"https:\\\/\\\/colegiocim.es\\\/ca\\\/pasqua-a-primaria\\\/\",\"name\":\"Pasqua a Prim\u00e0ria - Colegio Coraz\u00f3n Inmaculado de Mar\u00eda\",\"isPartOf\":{\"@id\":\"https:\\\/\\\/colegiocim.es\\\/#website\"},\"primaryImageOfPage\":{\"@id\":\"https:\\\/\\\/colegiocim.es\\\/ca\\\/pasqua-a-primaria\\\/#primaryimage\"},\"image\":{\"@id\":\"https:\\\/\\\/colegiocim.es\\\/ca\\\/pasqua-a-primaria\\\/#primaryimage\"},\"thumbnailUrl\":\"https:\\\/\\\/colegiocim.es\\\/wp-content\\\/uploads\\\/2021\\\/04\\\/IMG_20210406_142410.jpg\",\"datePublished\":\"2021-04-26T13:33:35+00:00\",\"dateModified\":\"2021-04-26T13:46:41+00:00\",\"breadcrumb\":{\"@id\":\"https:\\\/\\\/colegiocim.es\\\/ca\\\/pasqua-a-primaria\\\/#breadcrumb\"},\"inLanguage\":\"ca\",\"potentialAction\":[{\"@type\":\"ReadAction\",\"target\":[\"https:\\\/\\\/colegiocim.es\\\/ca\\\/pasqua-a-primaria\\\/\"]}]},{\"@type\":\"ImageObject\",\"inLanguage\":\"ca\",\"@id\":\"https:\\\/\\\/colegiocim.es\\\/ca\\\/pasqua-a-primaria\\\/#primaryimage\",\"url\":\"https:\\\/\\\/colegiocim.es\\\/wp-content\\\/uploads\\\/2021\\\/04\\\/IMG_20210406_142410.jpg\",\"contentUrl\":\"https:\\\/\\\/colegiocim.es\\\/wp-content\\\/uploads\\\/2021\\\/04\\\/IMG_20210406_142410.jpg\",\"width\":2304,\"height\":1296},{\"@type\":\"BreadcrumbList\",\"@id\":\"https:\\\/\\\/colegiocim.es\\\/ca\\\/pasqua-a-primaria\\\/#breadcrumb\",\"itemListElement\":[{\"@type\":\"ListItem\",\"position\":1,\"name\":\"Portada\",\"item\":\"https:\\\/\\\/colegiocim.es\\\/ca\\\/\"},{\"@type\":\"ListItem\",\"position\":2,\"name\":\"Pasqua a Prim\u00e0ria\"}]},{\"@type\":\"WebSite\",\"@id\":\"https:\\\/\\\/colegiocim.es\\\/#website\",\"url\":\"https:\\\/\\\/colegiocim.es\\\/\",\"name\":\"Colegio Coraz\u00f3n Inmaculado de Mar\u00eda\",\"description\":\"Colegio privado cat\u00f3lico en Sentmenat\",\"publisher\":{\"@id\":\"https:\\\/\\\/colegiocim.es\\\/#organization\"},\"potentialAction\":[{\"@type\":\"SearchAction\",\"target\":{\"@type\":\"EntryPoint\",\"urlTemplate\":\"https:\\\/\\\/colegiocim.es\\\/?s={search_term_string}\"},\"query-input\":{\"@type\":\"PropertyValueSpecification\",\"valueRequired\":true,\"valueName\":\"search_term_string\"}}],\"inLanguage\":\"ca\"},{\"@type\":\"Organization\",\"@id\":\"https:\\\/\\\/colegiocim.es\\\/#organization\",\"name\":\"Colegio Coraz\u00f3n Inmaculado de Mar\u00eda\",\"url\":\"https:\\\/\\\/colegiocim.es\\\/\",\"logo\":{\"@type\":\"ImageObject\",\"inLanguage\":\"ca\",\"@id\":\"https:\\\/\\\/colegiocim.es\\\/#\\\/schema\\\/logo\\\/image\\\/\",\"url\":\"https:\\\/\\\/www.colegiocim.es\\\/wp-content\\\/uploads\\\/2021\\\/03\\\/CCIM-ESP.png\",\"contentUrl\":\"https:\\\/\\\/www.colegiocim.es\\\/wp-content\\\/uploads\\\/2021\\\/03\\\/CCIM-ESP.png\",\"width\":357,\"height\":86,\"caption\":\"Colegio Coraz\u00f3n Inmaculado de Mar\u00eda\"},\"image\":{\"@id\":\"https:\\\/\\\/colegiocim.es\\\/#\\\/schema\\\/logo\\\/image\\\/\"},\"sameAs\":[\"https:\\\/\\\/facebook.com\\\/colegiocim\",\"https:\\\/\\\/x.com\\\/cimsentmenat\"]},{\"@type\":\"Person\",\"@id\":\"https:\\\/\\\/colegiocim.es\\\/#\\\/schema\\\/person\\\/26aab585685805d0acbea8a5646e314e\",\"name\":\"Mat\u00edas Cluet\",\"image\":{\"@type\":\"ImageObject\",\"inLanguage\":\"ca\",\"@id\":\"https:\\\/\\\/secure.gravatar.com\\\/avatar\\\/88fd60871505f232c9f0dddada52105c10879f0d1617a2be55fb2ca57f73c135?s=96&d=mm&r=g\",\"url\":\"https:\\\/\\\/secure.gravatar.com\\\/avatar\\\/88fd60871505f232c9f0dddada52105c10879f0d1617a2be55fb2ca57f73c135?s=96&d=mm&r=g\",\"contentUrl\":\"https:\\\/\\\/secure.gravatar.com\\\/avatar\\\/88fd60871505f232c9f0dddada52105c10879f0d1617a2be55fb2ca57f73c135?s=96&d=mm&r=g\",\"caption\":\"Mat\u00edas Cluet\"}}]}<\/script>\n<!-- \/ Yoast SEO plugin. -->","yoast_head_json":{"title":"Pasqua a Prim\u00e0ria - Colegio Coraz\u00f3n Inmaculado de Mar\u00eda","robots":{"index":"noindex","follow":"follow"},"og_locale":"ca_ES","og_type":"article","og_title":"Pasqua a Prim\u00e0ria - Colegio Coraz\u00f3n Inmaculado de Mar\u00eda","og_description":"Vam iniciar aquest mes d\u2019abril festejant el gran misteri de la nostra fe: la Resurrecci\u00f3 de Jesucrist. El dimarts de Pasqua, els alumnes de 5\u00e8 i 6\u00e8, van iniciar la cerca dels ous de Pasqua amagats pels voltants del pati del Col\u00b7legi. Com corrien! Amb molt poc temps ja els havien trobat tots i, amb [&hellip;]","og_url":"https:\/\/colegiocim.es\/ca\/pasqua-a-primaria\/","og_site_name":"Colegio Coraz\u00f3n Inmaculado de Mar\u00eda","article_publisher":"https:\/\/facebook.com\/colegiocim","article_published_time":"2021-04-26T13:33:35+00:00","article_modified_time":"2021-04-26T13:46:41+00:00","og_image":[{"width":2304,"height":1296,"url":"https:\/\/colegiocim.es\/wp-content\/uploads\/2021\/04\/IMG_20210406_142410.jpg","type":"image\/jpeg"}],"author":"Mat\u00edas Cluet","twitter_card":"summary_large_image","twitter_creator":"@cimsentmenat","twitter_site":"@cimsentmenat","twitter_misc":{"Escrit per":"Mat\u00edas Cluet"},"schema":{"@context":"https:\/\/schema.org","@graph":[{"@type":"Article","@id":"https:\/\/colegiocim.es\/ca\/pasqua-a-primaria\/#article","isPartOf":{"@id":"https:\/\/colegiocim.es\/ca\/pasqua-a-primaria\/"},"author":{"name":"Mat\u00edas Cluet","@id":"https:\/\/colegiocim.es\/#\/schema\/person\/26aab585685805d0acbea8a5646e314e"},"headline":"Pasqua a Prim\u00e0ria","datePublished":"2021-04-26T13:33:35+00:00","dateModified":"2021-04-26T13:46:41+00:00","mainEntityOfPage":{"@id":"https:\/\/colegiocim.es\/ca\/pasqua-a-primaria\/"},"wordCount":76,"commentCount":0,"publisher":{"@id":"https:\/\/colegiocim.es\/#organization"},"image":{"@id":"https:\/\/colegiocim.es\/ca\/pasqua-a-primaria\/#primaryimage"},"thumbnailUrl":"https:\/\/colegiocim.es\/wp-content\/uploads\/2021\/04\/IMG_20210406_142410.jpg","articleSection":["Prim\u00e0ria"],"inLanguage":"ca","potentialAction":[{"@type":"CommentAction","name":"Comment","target":["https:\/\/colegiocim.es\/ca\/pasqua-a-primaria\/#respond"]}]},{"@type":"WebPage","@id":"https:\/\/colegiocim.es\/ca\/pasqua-a-primaria\/","url":"https:\/\/colegiocim.es\/ca\/pasqua-a-primaria\/","name":"Pasqua a Prim\u00e0ria - Colegio Coraz\u00f3n Inmaculado de Mar\u00eda","isPartOf":{"@id":"https:\/\/colegiocim.es\/#website"},"primaryImageOfPage":{"@id":"https:\/\/colegiocim.es\/ca\/pasqua-a-primaria\/#primaryimage"},"image":{"@id":"https:\/\/colegiocim.es\/ca\/pasqua-a-primaria\/#primaryimage"},"thumbnailUrl":"https:\/\/colegiocim.es\/wp-content\/uploads\/2021\/04\/IMG_20210406_142410.jpg","datePublished":"2021-04-26T13:33:35+00:00","dateModified":"2021-04-26T13:46:41+00:00","breadcrumb":{"@id":"https:\/\/colegiocim.es\/ca\/pasqua-a-primaria\/#breadcrumb"},"inLanguage":"ca","potentialAction":[{"@type":"ReadAction","target":["https:\/\/colegiocim.es\/ca\/pasqua-a-primaria\/"]}]},{"@type":"ImageObject","inLanguage":"ca","@id":"https:\/\/colegiocim.es\/ca\/pasqua-a-primaria\/#primaryimage","url":"https:\/\/colegiocim.es\/wp-content\/uploads\/2021\/04\/IMG_20210406_142410.jpg","contentUrl":"https:\/\/colegiocim.es\/wp-content\/uploads\/2021\/04\/IMG_20210406_142410.jpg","width":2304,"height":1296},{"@type":"BreadcrumbList","@id":"https:\/\/colegiocim.es\/ca\/pasqua-a-primaria\/#breadcrumb","itemListElement":[{"@type":"ListItem","position":1,"name":"Portada","item":"https:\/\/colegiocim.es\/ca\/"},{"@type":"ListItem","position":2,"name":"Pasqua a Prim\u00e0ria"}]},{"@type":"WebSite","@id":"https:\/\/colegiocim.es\/#website","url":"https:\/\/colegiocim.es\/","name":"Colegio Coraz\u00f3n Inmaculado de Mar\u00eda","description":"Colegio privado cat\u00f3lico en Sentmenat","publisher":{"@id":"https:\/\/colegiocim.es\/#organization"},"potentialAction":[{"@type":"SearchAction","target":{"@type":"EntryPoint","urlTemplate":"https:\/\/colegiocim.es\/?s={search_term_string}"},"query-input":{"@type":"PropertyValueSpecification","valueRequired":true,"valueName":"search_term_string"}}],"inLanguage":"ca"},{"@type":"Organization","@id":"https:\/\/colegiocim.es\/#organization","name":"Colegio Coraz\u00f3n Inmaculado de Mar\u00eda","url":"https:\/\/colegiocim.es\/","logo":{"@type":"ImageObject","inLanguage":"ca","@id":"https:\/\/colegiocim.es\/#\/schema\/logo\/image\/","url":"https:\/\/www.colegiocim.es\/wp-content\/uploads\/2021\/03\/CCIM-ESP.png","contentUrl":"https:\/\/www.colegiocim.es\/wp-content\/uploads\/2021\/03\/CCIM-ESP.png","width":357,"height":86,"caption":"Colegio Coraz\u00f3n Inmaculado de Mar\u00eda"},"image":{"@id":"https:\/\/colegiocim.es\/#\/schema\/logo\/image\/"},"sameAs":["https:\/\/facebook.com\/colegiocim","https:\/\/x.com\/cimsentmenat"]},{"@type":"Person","@id":"https:\/\/colegiocim.es\/#\/schema\/person\/26aab585685805d0acbea8a5646e314e","name":"Mat\u00edas Cluet","image":{"@type":"ImageObject","inLanguage":"ca","@id":"https:\/\/secure.gravatar.com\/avatar\/88fd60871505f232c9f0dddada52105c10879f0d1617a2be55fb2ca57f73c135?s=96&d=mm&r=g","url":"https:\/\/secure.gravatar.com\/avatar\/88fd60871505f232c9f0dddada52105c10879f0d1617a2be55fb2ca57f73c135?s=96&d=mm&r=g","contentUrl":"https:\/\/secure.gravatar.com\/avatar\/88fd60871505f232c9f0dddada52105c10879f0d1617a2be55fb2ca57f73c135?s=96&d=mm&r=g","caption":"Mat\u00edas Cluet"}}]}},"_links":{"self":[{"href":"https:\/\/colegiocim.es\/ca\/wp-json\/wp\/v2\/posts\/1615","targetHints":{"allow":["GET"]}}],"collection":[{"href":"https:\/\/colegiocim.es\/ca\/wp-json\/wp\/v2\/posts"}],"about":[{"href":"https:\/\/colegiocim.es\/ca\/wp-json\/wp\/v2\/types\/post"}],"author":[{"embeddable":true,"href":"https:\/\/colegiocim.es\/ca\/wp-json\/wp\/v2\/users\/6"}],"replies":[{"embeddable":true,"href":"https:\/\/colegiocim.es\/ca\/wp-json\/wp\/v2\/comments?post=1615"}],"version-history":[{"count":0,"href":"https:\/\/colegiocim.es\/ca\/wp-json\/wp\/v2\/posts\/1615\/revisions"}],"wp:featuredmedia":[{"embeddable":true,"href":"https:\/\/colegiocim.es\/ca\/wp-json\/wp\/v2\/media\/1571"}],"wp:attachment":[{"href":"https:\/\/colegiocim.es\/ca\/wp-json\/wp\/v2\/media?parent=1615"}],"wp:term":[{"taxonomy":"category","embeddable":true,"href":"https:\/\/colegiocim.es\/ca\/wp-json\/wp\/v2\/categories?post=1615"},{"taxonomy":"post_tag","embeddable":true,"href":"https:\/\/colegiocim.es\/ca\/wp-json\/wp\/v2\/tags?post=1615"}],"curies":[{"name":"wp","href":"https:\/\/api.w.org\/{rel}","templated":true}]}}