{"id":1623,"date":"2021-04-26T15:44:18","date_gmt":"2021-04-26T13:44:18","guid":{"rendered":"https:\/\/www.colegiocim.es\/sant-jordi\/"},"modified":"2021-04-26T15:50:36","modified_gmt":"2021-04-26T13:50:36","slug":"sant-jordi","status":"publish","type":"post","link":"https:\/\/colegiocim.es\/ca\/sant-jordi\/","title":{"rendered":"Sant Jordi"},"content":{"rendered":"\n<p>En la data tan assenyalada del 23 d\u2019abril, hem volgut festejar amb una jornada plena de jocs i activitats recreatives, al patr\u00f3 de la nostra terra catalana: St. Jordi. Al llarg del dia, per mitja de diferents tallers (roses, poemes, punts de llibre, batalles en contra de dracs ferotges, tornejos, vestimentes de cavaller i princesa, i molt m\u00e9s!), ens hem submergit en la llegenda del Sant cavaller que, en la seva lluita contra el mal, salva a aquells que es troben el perill de caure. <\/p>\n\n<figure class=\"wp-block-gallery columns-5 is-cropped wp-block-gallery-1 is-layout-flex wp-block-gallery-is-layout-flex\"><ul class=\"blocks-gallery-grid\"><li class=\"blocks-gallery-item\"><figure><img fetchpriority=\"high\" decoding=\"async\" width=\"1024\" height=\"576\" src=\"https:\/\/www.colegiocim.es\/wp-content\/uploads\/2021\/04\/IMG_20210422_110631-1024x576.jpg\" alt=\"\" data-id=\"1588\" data-full-url=\"https:\/\/www.colegiocim.es\/wp-content\/uploads\/2021\/04\/IMG_20210422_110631.jpg\" data-link=\"https:\/\/www.colegiocim.es\/?attachment_id=1588\" class=\"wp-image-1588\" srcset=\"https:\/\/colegiocim.es\/wp-content\/uploads\/2021\/04\/IMG_20210422_110631-1024x576.jpg 1024w, https:\/\/colegiocim.es\/wp-content\/uploads\/2021\/04\/IMG_20210422_110631-300x169.jpg 300w, https:\/\/colegiocim.es\/wp-content\/uploads\/2021\/04\/IMG_20210422_110631-768x432.jpg 768w, https:\/\/colegiocim.es\/wp-content\/uploads\/2021\/04\/IMG_20210422_110631-1536x864.jpg 1536w, https:\/\/colegiocim.es\/wp-content\/uploads\/2021\/04\/IMG_20210422_110631-2048x1152.jpg 2048w\" sizes=\"(max-width: 1024px) 100vw, 1024px\" \/><\/figure><\/li><li class=\"blocks-gallery-item\"><figure><img decoding=\"async\" width=\"576\" height=\"1024\" src=\"https:\/\/www.colegiocim.es\/wp-content\/uploads\/2021\/04\/IMG_20210422_114625-576x1024.jpg\" alt=\"\" data-id=\"1590\" data-full-url=\"https:\/\/www.colegiocim.es\/wp-content\/uploads\/2021\/04\/IMG_20210422_114625.jpg\" data-link=\"https:\/\/www.colegiocim.es\/?attachment_id=1590\" class=\"wp-image-1590\" srcset=\"https:\/\/colegiocim.es\/wp-content\/uploads\/2021\/04\/IMG_20210422_114625-576x1024.jpg 576w, https:\/\/colegiocim.es\/wp-content\/uploads\/2021\/04\/IMG_20210422_114625-169x300.jpg 169w, https:\/\/colegiocim.es\/wp-content\/uploads\/2021\/04\/IMG_20210422_114625-768x1365.jpg 768w, https:\/\/colegiocim.es\/wp-content\/uploads\/2021\/04\/IMG_20210422_114625-864x1536.jpg 864w, https:\/\/colegiocim.es\/wp-content\/uploads\/2021\/04\/IMG_20210422_114625-1152x2048.jpg 1152w, https:\/\/colegiocim.es\/wp-content\/uploads\/2021\/04\/IMG_20210422_114625.jpg 1296w\" sizes=\"(max-width: 576px) 100vw, 576px\" \/><\/figure><\/li><li class=\"blocks-gallery-item\"><figure><img decoding=\"async\" width=\"576\" height=\"1024\" src=\"https:\/\/www.colegiocim.es\/wp-content\/uploads\/2021\/04\/IMG_20210422_114710-576x1024.jpg\" alt=\"\" data-id=\"1592\" data-full-url=\"https:\/\/www.colegiocim.es\/wp-content\/uploads\/2021\/04\/IMG_20210422_114710.jpg\" data-link=\"https:\/\/www.colegiocim.es\/?attachment_id=1592\" class=\"wp-image-1592\" srcset=\"https:\/\/colegiocim.es\/wp-content\/uploads\/2021\/04\/IMG_20210422_114710-576x1024.jpg 576w, https:\/\/colegiocim.es\/wp-content\/uploads\/2021\/04\/IMG_20210422_114710-169x300.jpg 169w, https:\/\/colegiocim.es\/wp-content\/uploads\/2021\/04\/IMG_20210422_114710-768x1365.jpg 768w, https:\/\/colegiocim.es\/wp-content\/uploads\/2021\/04\/IMG_20210422_114710-864x1536.jpg 864w, https:\/\/colegiocim.es\/wp-content\/uploads\/2021\/04\/IMG_20210422_114710-1152x2048.jpg 1152w, https:\/\/colegiocim.es\/wp-content\/uploads\/2021\/04\/IMG_20210422_114710.jpg 1296w\" sizes=\"(max-width: 576px) 100vw, 576px\" \/><\/figure><\/li><li class=\"blocks-gallery-item\"><figure><img loading=\"lazy\" decoding=\"async\" width=\"1024\" height=\"576\" src=\"https:\/\/www.colegiocim.es\/wp-content\/uploads\/2021\/04\/IMG_20210422_120627-1024x576.jpg\" alt=\"\" data-id=\"1594\" data-full-url=\"https:\/\/www.colegiocim.es\/wp-content\/uploads\/2021\/04\/IMG_20210422_120627.jpg\" data-link=\"https:\/\/www.colegiocim.es\/?attachment_id=1594\" class=\"wp-image-1594\" srcset=\"https:\/\/colegiocim.es\/wp-content\/uploads\/2021\/04\/IMG_20210422_120627-1024x576.jpg 1024w, https:\/\/colegiocim.es\/wp-content\/uploads\/2021\/04\/IMG_20210422_120627-300x169.jpg 300w, https:\/\/colegiocim.es\/wp-content\/uploads\/2021\/04\/IMG_20210422_120627-768x432.jpg 768w, https:\/\/colegiocim.es\/wp-content\/uploads\/2021\/04\/IMG_20210422_120627-1536x864.jpg 1536w, https:\/\/colegiocim.es\/wp-content\/uploads\/2021\/04\/IMG_20210422_120627-2048x1152.jpg 2048w\" sizes=\"(max-width: 1024px) 100vw, 1024px\" \/><\/figure><\/li><li class=\"blocks-gallery-item\"><figure><img loading=\"lazy\" decoding=\"async\" width=\"576\" height=\"1024\" src=\"https:\/\/www.colegiocim.es\/wp-content\/uploads\/2021\/04\/IMG_20210422_120738-576x1024.jpg\" alt=\"\" data-id=\"1596\" data-full-url=\"https:\/\/www.colegiocim.es\/wp-content\/uploads\/2021\/04\/IMG_20210422_120738.jpg\" data-link=\"https:\/\/www.colegiocim.es\/?attachment_id=1596\" class=\"wp-image-1596\" srcset=\"https:\/\/colegiocim.es\/wp-content\/uploads\/2021\/04\/IMG_20210422_120738-576x1024.jpg 576w, https:\/\/colegiocim.es\/wp-content\/uploads\/2021\/04\/IMG_20210422_120738-169x300.jpg 169w, https:\/\/colegiocim.es\/wp-content\/uploads\/2021\/04\/IMG_20210422_120738-768x1365.jpg 768w, https:\/\/colegiocim.es\/wp-content\/uploads\/2021\/04\/IMG_20210422_120738-864x1536.jpg 864w, https:\/\/colegiocim.es\/wp-content\/uploads\/2021\/04\/IMG_20210422_120738-1152x2048.jpg 1152w, https:\/\/colegiocim.es\/wp-content\/uploads\/2021\/04\/IMG_20210422_120738.jpg 1296w\" sizes=\"(max-width: 576px) 100vw, 576px\" \/><\/figure><\/li><li class=\"blocks-gallery-item\"><figure><img loading=\"lazy\" decoding=\"async\" width=\"1024\" height=\"576\" src=\"https:\/\/www.colegiocim.es\/wp-content\/uploads\/2021\/04\/IMG_20210422_122112-1024x576.jpg\" alt=\"\" data-id=\"1598\" data-full-url=\"https:\/\/www.colegiocim.es\/wp-content\/uploads\/2021\/04\/IMG_20210422_122112.jpg\" data-link=\"https:\/\/www.colegiocim.es\/?attachment_id=1598\" class=\"wp-image-1598\" srcset=\"https:\/\/colegiocim.es\/wp-content\/uploads\/2021\/04\/IMG_20210422_122112-1024x576.jpg 1024w, https:\/\/colegiocim.es\/wp-content\/uploads\/2021\/04\/IMG_20210422_122112-300x169.jpg 300w, https:\/\/colegiocim.es\/wp-content\/uploads\/2021\/04\/IMG_20210422_122112-768x432.jpg 768w, https:\/\/colegiocim.es\/wp-content\/uploads\/2021\/04\/IMG_20210422_122112-1536x864.jpg 1536w, https:\/\/colegiocim.es\/wp-content\/uploads\/2021\/04\/IMG_20210422_122112-2048x1152.jpg 2048w\" sizes=\"(max-width: 1024px) 100vw, 1024px\" \/><\/figure><\/li><li class=\"blocks-gallery-item\"><figure><img loading=\"lazy\" decoding=\"async\" width=\"576\" height=\"1024\" src=\"https:\/\/www.colegiocim.es\/wp-content\/uploads\/2021\/04\/IMG_20210422_122831-576x1024.jpg\" alt=\"\" data-id=\"1600\" data-full-url=\"https:\/\/www.colegiocim.es\/wp-content\/uploads\/2021\/04\/IMG_20210422_122831.jpg\" data-link=\"https:\/\/www.colegiocim.es\/?attachment_id=1600\" class=\"wp-image-1600\" srcset=\"https:\/\/colegiocim.es\/wp-content\/uploads\/2021\/04\/IMG_20210422_122831-576x1024.jpg 576w, https:\/\/colegiocim.es\/wp-content\/uploads\/2021\/04\/IMG_20210422_122831-169x300.jpg 169w, https:\/\/colegiocim.es\/wp-content\/uploads\/2021\/04\/IMG_20210422_122831-768x1365.jpg 768w, https:\/\/colegiocim.es\/wp-content\/uploads\/2021\/04\/IMG_20210422_122831-864x1536.jpg 864w, https:\/\/colegiocim.es\/wp-content\/uploads\/2021\/04\/IMG_20210422_122831-1152x2048.jpg 1152w, https:\/\/colegiocim.es\/wp-content\/uploads\/2021\/04\/IMG_20210422_122831.jpg 1296w\" sizes=\"(max-width: 576px) 100vw, 576px\" \/><\/figure><\/li><li class=\"blocks-gallery-item\"><figure><img loading=\"lazy\" decoding=\"async\" width=\"1024\" height=\"768\" src=\"https:\/\/www.colegiocim.es\/wp-content\/uploads\/2021\/04\/IMG-20210422-WA0073.jpg\" alt=\"\" data-id=\"1602\" data-full-url=\"https:\/\/www.colegiocim.es\/wp-content\/uploads\/2021\/04\/IMG-20210422-WA0073.jpg\" data-link=\"https:\/\/www.colegiocim.es\/?attachment_id=1602\" class=\"wp-image-1603\" srcset=\"https:\/\/colegiocim.es\/wp-content\/uploads\/2021\/04\/IMG-20210422-WA0073.jpg 1024w, https:\/\/colegiocim.es\/wp-content\/uploads\/2021\/04\/IMG-20210422-WA0073-300x225.jpg 300w, https:\/\/colegiocim.es\/wp-content\/uploads\/2021\/04\/IMG-20210422-WA0073-768x576.jpg 768w\" sizes=\"(max-width: 1024px) 100vw, 1024px\" \/><\/figure><\/li><li class=\"blocks-gallery-item\"><figure><img loading=\"lazy\" decoding=\"async\" width=\"800\" height=\"598\" src=\"https:\/\/www.colegiocim.es\/wp-content\/uploads\/2021\/04\/IMG-20210422-WA0083.jpg\" alt=\"\" data-id=\"1604\" data-full-url=\"https:\/\/www.colegiocim.es\/wp-content\/uploads\/2021\/04\/IMG-20210422-WA0083.jpg\" data-link=\"https:\/\/www.colegiocim.es\/?attachment_id=1604\" class=\"wp-image-1605\" srcset=\"https:\/\/colegiocim.es\/wp-content\/uploads\/2021\/04\/IMG-20210422-WA0083.jpg 800w, https:\/\/colegiocim.es\/wp-content\/uploads\/2021\/04\/IMG-20210422-WA0083-300x224.jpg 300w, https:\/\/colegiocim.es\/wp-content\/uploads\/2021\/04\/IMG-20210422-WA0083-768x574.jpg 768w\" sizes=\"(max-width: 800px) 100vw, 800px\" \/><\/figure><\/li><li class=\"blocks-gallery-item\"><figure><img loading=\"lazy\" decoding=\"async\" width=\"598\" height=\"800\" src=\"https:\/\/www.colegiocim.es\/wp-content\/uploads\/2021\/04\/IMG-20210422-WA0088.jpg\" alt=\"\" data-id=\"1606\" data-full-url=\"https:\/\/www.colegiocim.es\/wp-content\/uploads\/2021\/04\/IMG-20210422-WA0088.jpg\" data-link=\"https:\/\/www.colegiocim.es\/?attachment_id=1606\" class=\"wp-image-1607\" srcset=\"https:\/\/colegiocim.es\/wp-content\/uploads\/2021\/04\/IMG-20210422-WA0088.jpg 598w, https:\/\/colegiocim.es\/wp-content\/uploads\/2021\/04\/IMG-20210422-WA0088-224x300.jpg 224w\" sizes=\"(max-width: 598px) 100vw, 598px\" \/><\/figure><\/li><li class=\"blocks-gallery-item\"><figure><img loading=\"lazy\" decoding=\"async\" width=\"800\" height=\"598\" src=\"https:\/\/www.colegiocim.es\/wp-content\/uploads\/2021\/04\/IMG-20210422-WA0091.jpg\" alt=\"\" data-id=\"1608\" data-full-url=\"https:\/\/www.colegiocim.es\/wp-content\/uploads\/2021\/04\/IMG-20210422-WA0091.jpg\" data-link=\"https:\/\/www.colegiocim.es\/?attachment_id=1608\" class=\"wp-image-1609\" srcset=\"https:\/\/colegiocim.es\/wp-content\/uploads\/2021\/04\/IMG-20210422-WA0091.jpg 800w, https:\/\/colegiocim.es\/wp-content\/uploads\/2021\/04\/IMG-20210422-WA0091-300x224.jpg 300w, https:\/\/colegiocim.es\/wp-content\/uploads\/2021\/04\/IMG-20210422-WA0091-768x574.jpg 768w\" sizes=\"(max-width: 800px) 100vw, 800px\" \/><\/figure><\/li><li class=\"blocks-gallery-item\"><figure><img loading=\"lazy\" decoding=\"async\" width=\"800\" height=\"598\" src=\"https:\/\/www.colegiocim.es\/wp-content\/uploads\/2021\/04\/IMG-20210422-WA0092.jpg\" alt=\"\" data-id=\"1610\" data-full-url=\"https:\/\/www.colegiocim.es\/wp-content\/uploads\/2021\/04\/IMG-20210422-WA0092.jpg\" data-link=\"https:\/\/www.colegiocim.es\/?attachment_id=1610\" class=\"wp-image-1611\" srcset=\"https:\/\/colegiocim.es\/wp-content\/uploads\/2021\/04\/IMG-20210422-WA0092.jpg 800w, https:\/\/colegiocim.es\/wp-content\/uploads\/2021\/04\/IMG-20210422-WA0092-300x224.jpg 300w, https:\/\/colegiocim.es\/wp-content\/uploads\/2021\/04\/IMG-20210422-WA0092-768x574.jpg 768w\" sizes=\"(max-width: 800px) 100vw, 800px\" \/><\/figure><\/li><\/ul><\/figure>\n<p><\/p>\n\n<p>Enmig de riures i joia, hem gaudit del dia tota la Prim\u00e0ria sencera, enduent-nos a casa el desig d\u2019imitar al Sant i no defallir en aquesta batalla di\u00e0ria en contra del drac que ens setge constantment. <\/p>\n","protected":false},"excerpt":{"rendered":"<p>En la data tan assenyalada del 23 d\u2019abril, hem volgut festejar amb una jornada plena de jocs i activitats recreatives, al patr\u00f3 de la nostra terra catalana: St. Jordi. Al llarg del dia, per mitja de diferents tallers (roses, poemes, punts de llibre, batalles en contra de dracs ferotges, tornejos, vestimentes de cavaller i princesa, [&hellip;]<\/p>\n","protected":false},"author":6,"featured_media":1613,"comment_status":"open","ping_status":"open","sticky":false,"template":"","format":"standard","meta":{"footnotes":""},"categories":[40],"tags":[],"class_list":["post-1623","post","type-post","status-publish","format-standard","has-post-thumbnail","hentry","category-primaria-ca"],"yoast_head":"<!-- This site is optimized with the Yoast SEO plugin v27.5 - https:\/\/yoast.com\/product\/yoast-seo-wordpress\/ -->\n<title>Sant Jordi - Colegio Coraz\u00f3n Inmaculado de Mar\u00eda<\/title>\n<meta name=\"robots\" content=\"noindex, follow\" \/>\n<meta property=\"og:locale\" content=\"ca_ES\" \/>\n<meta property=\"og:type\" content=\"article\" \/>\n<meta property=\"og:title\" content=\"Sant Jordi - Colegio Coraz\u00f3n Inmaculado de Mar\u00eda\" \/>\n<meta property=\"og:description\" content=\"En la data tan assenyalada del 23 d\u2019abril, hem volgut festejar amb una jornada plena de jocs i activitats recreatives, al patr\u00f3 de la nostra terra catalana: St. Jordi. Al llarg del dia, per mitja de diferents tallers (roses, poemes, punts de llibre, batalles en contra de dracs ferotges, tornejos, vestimentes de cavaller i princesa, [&hellip;]\" \/>\n<meta property=\"og:url\" content=\"https:\/\/colegiocim.es\/ca\/sant-jordi\/\" \/>\n<meta property=\"og:site_name\" content=\"Colegio Coraz\u00f3n Inmaculado de Mar\u00eda\" \/>\n<meta property=\"article:publisher\" content=\"https:\/\/facebook.com\/colegiocim\" \/>\n<meta property=\"article:published_time\" content=\"2021-04-26T13:44:18+00:00\" \/>\n<meta property=\"article:modified_time\" content=\"2021-04-26T13:50:36+00:00\" \/>\n<meta property=\"og:image\" content=\"https:\/\/colegiocim.es\/wp-content\/uploads\/2021\/04\/IMG-20210422-WA0095.jpg\" \/>\n\t<meta property=\"og:image:width\" content=\"1024\" \/>\n\t<meta property=\"og:image:height\" content=\"768\" \/>\n\t<meta property=\"og:image:type\" content=\"image\/jpeg\" \/>\n<meta name=\"author\" content=\"Mat\u00edas Cluet\" \/>\n<meta name=\"twitter:card\" content=\"summary_large_image\" \/>\n<meta name=\"twitter:creator\" content=\"@cimsentmenat\" \/>\n<meta name=\"twitter:site\" content=\"@cimsentmenat\" \/>\n<meta name=\"twitter:label1\" content=\"Escrit per\" \/>\n\t<meta name=\"twitter:data1\" content=\"Mat\u00edas Cluet\" \/>\n\t<meta name=\"twitter:label2\" content=\"Temps estimat de lectura\" \/>\n\t<meta name=\"twitter:data2\" content=\"1 minut\" \/>\n<script type=\"application\/ld+json\" class=\"yoast-schema-graph\">{\"@context\":\"https:\\\/\\\/schema.org\",\"@graph\":[{\"@type\":\"Article\",\"@id\":\"https:\\\/\\\/colegiocim.es\\\/ca\\\/sant-jordi\\\/#article\",\"isPartOf\":{\"@id\":\"https:\\\/\\\/colegiocim.es\\\/ca\\\/sant-jordi\\\/\"},\"author\":{\"name\":\"Mat\u00edas Cluet\",\"@id\":\"https:\\\/\\\/colegiocim.es\\\/#\\\/schema\\\/person\\\/26aab585685805d0acbea8a5646e314e\"},\"headline\":\"Sant Jordi\",\"datePublished\":\"2021-04-26T13:44:18+00:00\",\"dateModified\":\"2021-04-26T13:50:36+00:00\",\"mainEntityOfPage\":{\"@id\":\"https:\\\/\\\/colegiocim.es\\\/ca\\\/sant-jordi\\\/\"},\"wordCount\":127,\"commentCount\":0,\"publisher\":{\"@id\":\"https:\\\/\\\/colegiocim.es\\\/#organization\"},\"image\":{\"@id\":\"https:\\\/\\\/colegiocim.es\\\/ca\\\/sant-jordi\\\/#primaryimage\"},\"thumbnailUrl\":\"https:\\\/\\\/colegiocim.es\\\/wp-content\\\/uploads\\\/2021\\\/04\\\/IMG-20210422-WA0095.jpg\",\"articleSection\":[\"Prim\u00e0ria\"],\"inLanguage\":\"ca\",\"potentialAction\":[{\"@type\":\"CommentAction\",\"name\":\"Comment\",\"target\":[\"https:\\\/\\\/colegiocim.es\\\/ca\\\/sant-jordi\\\/#respond\"]}]},{\"@type\":\"WebPage\",\"@id\":\"https:\\\/\\\/colegiocim.es\\\/ca\\\/sant-jordi\\\/\",\"url\":\"https:\\\/\\\/colegiocim.es\\\/ca\\\/sant-jordi\\\/\",\"name\":\"Sant Jordi - Colegio Coraz\u00f3n Inmaculado de Mar\u00eda\",\"isPartOf\":{\"@id\":\"https:\\\/\\\/colegiocim.es\\\/#website\"},\"primaryImageOfPage\":{\"@id\":\"https:\\\/\\\/colegiocim.es\\\/ca\\\/sant-jordi\\\/#primaryimage\"},\"image\":{\"@id\":\"https:\\\/\\\/colegiocim.es\\\/ca\\\/sant-jordi\\\/#primaryimage\"},\"thumbnailUrl\":\"https:\\\/\\\/colegiocim.es\\\/wp-content\\\/uploads\\\/2021\\\/04\\\/IMG-20210422-WA0095.jpg\",\"datePublished\":\"2021-04-26T13:44:18+00:00\",\"dateModified\":\"2021-04-26T13:50:36+00:00\",\"breadcrumb\":{\"@id\":\"https:\\\/\\\/colegiocim.es\\\/ca\\\/sant-jordi\\\/#breadcrumb\"},\"inLanguage\":\"ca\",\"potentialAction\":[{\"@type\":\"ReadAction\",\"target\":[\"https:\\\/\\\/colegiocim.es\\\/ca\\\/sant-jordi\\\/\"]}]},{\"@type\":\"ImageObject\",\"inLanguage\":\"ca\",\"@id\":\"https:\\\/\\\/colegiocim.es\\\/ca\\\/sant-jordi\\\/#primaryimage\",\"url\":\"https:\\\/\\\/colegiocim.es\\\/wp-content\\\/uploads\\\/2021\\\/04\\\/IMG-20210422-WA0095.jpg\",\"contentUrl\":\"https:\\\/\\\/colegiocim.es\\\/wp-content\\\/uploads\\\/2021\\\/04\\\/IMG-20210422-WA0095.jpg\",\"width\":1024,\"height\":768},{\"@type\":\"BreadcrumbList\",\"@id\":\"https:\\\/\\\/colegiocim.es\\\/ca\\\/sant-jordi\\\/#breadcrumb\",\"itemListElement\":[{\"@type\":\"ListItem\",\"position\":1,\"name\":\"Portada\",\"item\":\"https:\\\/\\\/colegiocim.es\\\/ca\\\/\"},{\"@type\":\"ListItem\",\"position\":2,\"name\":\"Sant Jordi\"}]},{\"@type\":\"WebSite\",\"@id\":\"https:\\\/\\\/colegiocim.es\\\/#website\",\"url\":\"https:\\\/\\\/colegiocim.es\\\/\",\"name\":\"Colegio Coraz\u00f3n Inmaculado de Mar\u00eda\",\"description\":\"Colegio privado cat\u00f3lico en Sentmenat\",\"publisher\":{\"@id\":\"https:\\\/\\\/colegiocim.es\\\/#organization\"},\"potentialAction\":[{\"@type\":\"SearchAction\",\"target\":{\"@type\":\"EntryPoint\",\"urlTemplate\":\"https:\\\/\\\/colegiocim.es\\\/?s={search_term_string}\"},\"query-input\":{\"@type\":\"PropertyValueSpecification\",\"valueRequired\":true,\"valueName\":\"search_term_string\"}}],\"inLanguage\":\"ca\"},{\"@type\":\"Organization\",\"@id\":\"https:\\\/\\\/colegiocim.es\\\/#organization\",\"name\":\"Colegio Coraz\u00f3n Inmaculado de Mar\u00eda\",\"url\":\"https:\\\/\\\/colegiocim.es\\\/\",\"logo\":{\"@type\":\"ImageObject\",\"inLanguage\":\"ca\",\"@id\":\"https:\\\/\\\/colegiocim.es\\\/#\\\/schema\\\/logo\\\/image\\\/\",\"url\":\"https:\\\/\\\/www.colegiocim.es\\\/wp-content\\\/uploads\\\/2021\\\/03\\\/CCIM-ESP.png\",\"contentUrl\":\"https:\\\/\\\/www.colegiocim.es\\\/wp-content\\\/uploads\\\/2021\\\/03\\\/CCIM-ESP.png\",\"width\":357,\"height\":86,\"caption\":\"Colegio Coraz\u00f3n Inmaculado de Mar\u00eda\"},\"image\":{\"@id\":\"https:\\\/\\\/colegiocim.es\\\/#\\\/schema\\\/logo\\\/image\\\/\"},\"sameAs\":[\"https:\\\/\\\/facebook.com\\\/colegiocim\",\"https:\\\/\\\/x.com\\\/cimsentmenat\"]},{\"@type\":\"Person\",\"@id\":\"https:\\\/\\\/colegiocim.es\\\/#\\\/schema\\\/person\\\/26aab585685805d0acbea8a5646e314e\",\"name\":\"Mat\u00edas Cluet\",\"image\":{\"@type\":\"ImageObject\",\"inLanguage\":\"ca\",\"@id\":\"https:\\\/\\\/secure.gravatar.com\\\/avatar\\\/88fd60871505f232c9f0dddada52105c10879f0d1617a2be55fb2ca57f73c135?s=96&d=mm&r=g\",\"url\":\"https:\\\/\\\/secure.gravatar.com\\\/avatar\\\/88fd60871505f232c9f0dddada52105c10879f0d1617a2be55fb2ca57f73c135?s=96&d=mm&r=g\",\"contentUrl\":\"https:\\\/\\\/secure.gravatar.com\\\/avatar\\\/88fd60871505f232c9f0dddada52105c10879f0d1617a2be55fb2ca57f73c135?s=96&d=mm&r=g\",\"caption\":\"Mat\u00edas Cluet\"}}]}<\/script>\n<!-- \/ Yoast SEO plugin. -->","yoast_head_json":{"title":"Sant Jordi - Colegio Coraz\u00f3n Inmaculado de Mar\u00eda","robots":{"index":"noindex","follow":"follow"},"og_locale":"ca_ES","og_type":"article","og_title":"Sant Jordi - Colegio Coraz\u00f3n Inmaculado de Mar\u00eda","og_description":"En la data tan assenyalada del 23 d\u2019abril, hem volgut festejar amb una jornada plena de jocs i activitats recreatives, al patr\u00f3 de la nostra terra catalana: St. Jordi. Al llarg del dia, per mitja de diferents tallers (roses, poemes, punts de llibre, batalles en contra de dracs ferotges, tornejos, vestimentes de cavaller i princesa, [&hellip;]","og_url":"https:\/\/colegiocim.es\/ca\/sant-jordi\/","og_site_name":"Colegio Coraz\u00f3n Inmaculado de Mar\u00eda","article_publisher":"https:\/\/facebook.com\/colegiocim","article_published_time":"2021-04-26T13:44:18+00:00","article_modified_time":"2021-04-26T13:50:36+00:00","og_image":[{"width":1024,"height":768,"url":"https:\/\/colegiocim.es\/wp-content\/uploads\/2021\/04\/IMG-20210422-WA0095.jpg","type":"image\/jpeg"}],"author":"Mat\u00edas Cluet","twitter_card":"summary_large_image","twitter_creator":"@cimsentmenat","twitter_site":"@cimsentmenat","twitter_misc":{"Escrit per":"Mat\u00edas Cluet","Temps estimat de lectura":"1 minut"},"schema":{"@context":"https:\/\/schema.org","@graph":[{"@type":"Article","@id":"https:\/\/colegiocim.es\/ca\/sant-jordi\/#article","isPartOf":{"@id":"https:\/\/colegiocim.es\/ca\/sant-jordi\/"},"author":{"name":"Mat\u00edas Cluet","@id":"https:\/\/colegiocim.es\/#\/schema\/person\/26aab585685805d0acbea8a5646e314e"},"headline":"Sant Jordi","datePublished":"2021-04-26T13:44:18+00:00","dateModified":"2021-04-26T13:50:36+00:00","mainEntityOfPage":{"@id":"https:\/\/colegiocim.es\/ca\/sant-jordi\/"},"wordCount":127,"commentCount":0,"publisher":{"@id":"https:\/\/colegiocim.es\/#organization"},"image":{"@id":"https:\/\/colegiocim.es\/ca\/sant-jordi\/#primaryimage"},"thumbnailUrl":"https:\/\/colegiocim.es\/wp-content\/uploads\/2021\/04\/IMG-20210422-WA0095.jpg","articleSection":["Prim\u00e0ria"],"inLanguage":"ca","potentialAction":[{"@type":"CommentAction","name":"Comment","target":["https:\/\/colegiocim.es\/ca\/sant-jordi\/#respond"]}]},{"@type":"WebPage","@id":"https:\/\/colegiocim.es\/ca\/sant-jordi\/","url":"https:\/\/colegiocim.es\/ca\/sant-jordi\/","name":"Sant Jordi - Colegio Coraz\u00f3n Inmaculado de Mar\u00eda","isPartOf":{"@id":"https:\/\/colegiocim.es\/#website"},"primaryImageOfPage":{"@id":"https:\/\/colegiocim.es\/ca\/sant-jordi\/#primaryimage"},"image":{"@id":"https:\/\/colegiocim.es\/ca\/sant-jordi\/#primaryimage"},"thumbnailUrl":"https:\/\/colegiocim.es\/wp-content\/uploads\/2021\/04\/IMG-20210422-WA0095.jpg","datePublished":"2021-04-26T13:44:18+00:00","dateModified":"2021-04-26T13:50:36+00:00","breadcrumb":{"@id":"https:\/\/colegiocim.es\/ca\/sant-jordi\/#breadcrumb"},"inLanguage":"ca","potentialAction":[{"@type":"ReadAction","target":["https:\/\/colegiocim.es\/ca\/sant-jordi\/"]}]},{"@type":"ImageObject","inLanguage":"ca","@id":"https:\/\/colegiocim.es\/ca\/sant-jordi\/#primaryimage","url":"https:\/\/colegiocim.es\/wp-content\/uploads\/2021\/04\/IMG-20210422-WA0095.jpg","contentUrl":"https:\/\/colegiocim.es\/wp-content\/uploads\/2021\/04\/IMG-20210422-WA0095.jpg","width":1024,"height":768},{"@type":"BreadcrumbList","@id":"https:\/\/colegiocim.es\/ca\/sant-jordi\/#breadcrumb","itemListElement":[{"@type":"ListItem","position":1,"name":"Portada","item":"https:\/\/colegiocim.es\/ca\/"},{"@type":"ListItem","position":2,"name":"Sant Jordi"}]},{"@type":"WebSite","@id":"https:\/\/colegiocim.es\/#website","url":"https:\/\/colegiocim.es\/","name":"Colegio Coraz\u00f3n Inmaculado de Mar\u00eda","description":"Colegio privado cat\u00f3lico en Sentmenat","publisher":{"@id":"https:\/\/colegiocim.es\/#organization"},"potentialAction":[{"@type":"SearchAction","target":{"@type":"EntryPoint","urlTemplate":"https:\/\/colegiocim.es\/?s={search_term_string}"},"query-input":{"@type":"PropertyValueSpecification","valueRequired":true,"valueName":"search_term_string"}}],"inLanguage":"ca"},{"@type":"Organization","@id":"https:\/\/colegiocim.es\/#organization","name":"Colegio Coraz\u00f3n Inmaculado de Mar\u00eda","url":"https:\/\/colegiocim.es\/","logo":{"@type":"ImageObject","inLanguage":"ca","@id":"https:\/\/colegiocim.es\/#\/schema\/logo\/image\/","url":"https:\/\/www.colegiocim.es\/wp-content\/uploads\/2021\/03\/CCIM-ESP.png","contentUrl":"https:\/\/www.colegiocim.es\/wp-content\/uploads\/2021\/03\/CCIM-ESP.png","width":357,"height":86,"caption":"Colegio Coraz\u00f3n Inmaculado de Mar\u00eda"},"image":{"@id":"https:\/\/colegiocim.es\/#\/schema\/logo\/image\/"},"sameAs":["https:\/\/facebook.com\/colegiocim","https:\/\/x.com\/cimsentmenat"]},{"@type":"Person","@id":"https:\/\/colegiocim.es\/#\/schema\/person\/26aab585685805d0acbea8a5646e314e","name":"Mat\u00edas Cluet","image":{"@type":"ImageObject","inLanguage":"ca","@id":"https:\/\/secure.gravatar.com\/avatar\/88fd60871505f232c9f0dddada52105c10879f0d1617a2be55fb2ca57f73c135?s=96&d=mm&r=g","url":"https:\/\/secure.gravatar.com\/avatar\/88fd60871505f232c9f0dddada52105c10879f0d1617a2be55fb2ca57f73c135?s=96&d=mm&r=g","contentUrl":"https:\/\/secure.gravatar.com\/avatar\/88fd60871505f232c9f0dddada52105c10879f0d1617a2be55fb2ca57f73c135?s=96&d=mm&r=g","caption":"Mat\u00edas Cluet"}}]}},"_links":{"self":[{"href":"https:\/\/colegiocim.es\/ca\/wp-json\/wp\/v2\/posts\/1623","targetHints":{"allow":["GET"]}}],"collection":[{"href":"https:\/\/colegiocim.es\/ca\/wp-json\/wp\/v2\/posts"}],"about":[{"href":"https:\/\/colegiocim.es\/ca\/wp-json\/wp\/v2\/types\/post"}],"author":[{"embeddable":true,"href":"https:\/\/colegiocim.es\/ca\/wp-json\/wp\/v2\/users\/6"}],"replies":[{"embeddable":true,"href":"https:\/\/colegiocim.es\/ca\/wp-json\/wp\/v2\/comments?post=1623"}],"version-history":[{"count":0,"href":"https:\/\/colegiocim.es\/ca\/wp-json\/wp\/v2\/posts\/1623\/revisions"}],"wp:featuredmedia":[{"embeddable":true,"href":"https:\/\/colegiocim.es\/ca\/wp-json\/wp\/v2\/media\/1613"}],"wp:attachment":[{"href":"https:\/\/colegiocim.es\/ca\/wp-json\/wp\/v2\/media?parent=1623"}],"wp:term":[{"taxonomy":"category","embeddable":true,"href":"https:\/\/colegiocim.es\/ca\/wp-json\/wp\/v2\/categories?post=1623"},{"taxonomy":"post_tag","embeddable":true,"href":"https:\/\/colegiocim.es\/ca\/wp-json\/wp\/v2\/tags?post=1623"}],"curies":[{"name":"wp","href":"https:\/\/api.w.org\/{rel}","templated":true}]}}