{"id":1858,"date":"2021-05-07T09:20:00","date_gmt":"2021-05-07T07:20:00","guid":{"rendered":"https:\/\/www.colegiocim.es\/un-dia-de-cavalls-a-infantil\/"},"modified":"2021-05-17T09:30:47","modified_gmt":"2021-05-17T07:30:47","slug":"un-dia-de-cavalls-a-infantil","status":"publish","type":"post","link":"https:\/\/colegiocim.es\/ca\/un-dia-de-cavalls-a-infantil\/","title":{"rendered":"Un dia de cavalls a Infantil"},"content":{"rendered":"\n<p>Ahir vem gaudir d&#8217;una visita molt especial a l&#8217;escola: uns visitants equins, el cavall Goliat (un Bret\u00f3 de la Cerdanya) i els ponis Totoa i H\u00e8rcules. <\/p>\n\n<p>En el moment en qu\u00e8 els alumnes han vist arribar el cami\u00f3 s&#8217;han entusiasmat observant com baixaven els cavalls. Estaven ansiosos per acostar-se. <\/p>\n\n<p>Quan tots els alumnes d&#8217;infantil han arribat, han pogut fer preguntes segons les seves inquietuds: <\/p>\n\n<ul class=\"wp-block-list\"><li>Qu\u00e8 mengen?<\/li><li>Com es diuen? <\/li><li>Com es cuiden? <\/li><li>Quant pesen? <\/li><li>Quanta aigua beuen? <\/li><\/ul>\n<p>Despr\u00e9s de con\u00e8ixer-los, els han acariciat, raspallat i, han pogut fer una volta en el seu llom. Els nens estaven encantats i algunes professores tamb\u00e9 s&#8217;han animat a pujar-hi. <\/p>\n\n<figure class=\"wp-block-gallery columns-3 is-cropped wp-block-gallery-1 is-layout-flex wp-block-gallery-is-layout-flex\"><ul class=\"blocks-gallery-grid\"><li class=\"blocks-gallery-item\"><figure><img fetchpriority=\"high\" decoding=\"async\" width=\"1024\" height=\"576\" src=\"https:\/\/www.colegiocim.es\/wp-content\/uploads\/2021\/05\/20210506_111223-1024x576.jpg\" alt=\"\" data-id=\"1847\" data-full-url=\"https:\/\/www.colegiocim.es\/wp-content\/uploads\/2021\/05\/20210506_111223.jpg\" data-link=\"https:\/\/www.colegiocim.es\/?attachment_id=1847\" class=\"wp-image-1847\" srcset=\"https:\/\/colegiocim.es\/wp-content\/uploads\/2021\/05\/20210506_111223-1024x576.jpg 1024w, https:\/\/colegiocim.es\/wp-content\/uploads\/2021\/05\/20210506_111223-300x169.jpg 300w, https:\/\/colegiocim.es\/wp-content\/uploads\/2021\/05\/20210506_111223-768x432.jpg 768w, https:\/\/colegiocim.es\/wp-content\/uploads\/2021\/05\/20210506_111223-1536x865.jpg 1536w, https:\/\/colegiocim.es\/wp-content\/uploads\/2021\/05\/20210506_111223.jpg 1613w\" sizes=\"(max-width: 1024px) 100vw, 1024px\" \/><\/figure><\/li><li class=\"blocks-gallery-item\"><figure><img decoding=\"async\" width=\"1024\" height=\"576\" src=\"https:\/\/www.colegiocim.es\/wp-content\/uploads\/2021\/05\/20210506_111813-1024x576.jpg\" alt=\"\" data-id=\"1849\" data-full-url=\"https:\/\/www.colegiocim.es\/wp-content\/uploads\/2021\/05\/20210506_111813.jpg\" data-link=\"https:\/\/www.colegiocim.es\/?attachment_id=1849\" class=\"wp-image-1849\" srcset=\"https:\/\/colegiocim.es\/wp-content\/uploads\/2021\/05\/20210506_111813-1024x576.jpg 1024w, https:\/\/colegiocim.es\/wp-content\/uploads\/2021\/05\/20210506_111813-300x169.jpg 300w, https:\/\/colegiocim.es\/wp-content\/uploads\/2021\/05\/20210506_111813-768x432.jpg 768w, https:\/\/colegiocim.es\/wp-content\/uploads\/2021\/05\/20210506_111813-1536x865.jpg 1536w, https:\/\/colegiocim.es\/wp-content\/uploads\/2021\/05\/20210506_111813.jpg 1613w\" sizes=\"(max-width: 1024px) 100vw, 1024px\" \/><\/figure><\/li><li class=\"blocks-gallery-item\"><figure><img decoding=\"async\" width=\"1024\" height=\"576\" src=\"https:\/\/www.colegiocim.es\/wp-content\/uploads\/2021\/05\/20210506_115343-1024x576.jpg\" alt=\"\" data-id=\"1851\" data-full-url=\"https:\/\/www.colegiocim.es\/wp-content\/uploads\/2021\/05\/20210506_115343.jpg\" data-link=\"https:\/\/www.colegiocim.es\/?attachment_id=1851\" class=\"wp-image-1851\" srcset=\"https:\/\/colegiocim.es\/wp-content\/uploads\/2021\/05\/20210506_115343-1024x576.jpg 1024w, https:\/\/colegiocim.es\/wp-content\/uploads\/2021\/05\/20210506_115343-300x169.jpg 300w, https:\/\/colegiocim.es\/wp-content\/uploads\/2021\/05\/20210506_115343-768x432.jpg 768w, https:\/\/colegiocim.es\/wp-content\/uploads\/2021\/05\/20210506_115343-1536x865.jpg 1536w, https:\/\/colegiocim.es\/wp-content\/uploads\/2021\/05\/20210506_115343.jpg 1613w\" sizes=\"(max-width: 1024px) 100vw, 1024px\" \/><\/figure><\/li><li class=\"blocks-gallery-item\"><figure><img loading=\"lazy\" decoding=\"async\" width=\"1024\" height=\"576\" src=\"https:\/\/www.colegiocim.es\/wp-content\/uploads\/2021\/05\/20210506_195210-1024x576.jpg\" alt=\"\" data-id=\"1853\" data-full-url=\"https:\/\/www.colegiocim.es\/wp-content\/uploads\/2021\/05\/20210506_195210.jpg\" data-link=\"https:\/\/www.colegiocim.es\/?attachment_id=1853\" class=\"wp-image-1853\" srcset=\"https:\/\/colegiocim.es\/wp-content\/uploads\/2021\/05\/20210506_195210-1024x576.jpg 1024w, https:\/\/colegiocim.es\/wp-content\/uploads\/2021\/05\/20210506_195210-300x169.jpg 300w, https:\/\/colegiocim.es\/wp-content\/uploads\/2021\/05\/20210506_195210-768x432.jpg 768w, https:\/\/colegiocim.es\/wp-content\/uploads\/2021\/05\/20210506_195210.jpg 1104w\" sizes=\"(max-width: 1024px) 100vw, 1024px\" \/><\/figure><\/li><\/ul><\/figure>\n<p>Quin privilegi poder gaudir d&#8217;aquesta companyia i de la naturalesa de la qual est\u00e0 envoltat el COL\u00b7LEGI CIM! <\/p>\n\n<p>Un especial agra\u00efment a la Fam\u00edlia De Sans Juliana per fer possible aquesta experi\u00e8ncia tan enriquidora. <\/p>\n","protected":false},"excerpt":{"rendered":"<p>Ahir vem gaudir d&#8217;una visita molt especial a l&#8217;escola: uns visitants equins, el cavall Goliat (un Bret\u00f3 de la Cerdanya) i els ponis Totoa i H\u00e8rcules. En el moment en qu\u00e8 els alumnes han vist arribar el cami\u00f3 s&#8217;han entusiasmat observant com baixaven els cavalls. Estaven ansiosos per acostar-se. Quan tots els alumnes d&#8217;infantil han [&hellip;]<\/p>\n","protected":false},"author":6,"featured_media":1856,"comment_status":"open","ping_status":"open","sticky":false,"template":"","format":"standard","meta":{"footnotes":""},"categories":[39],"tags":[],"class_list":["post-1858","post","type-post","status-publish","format-standard","has-post-thumbnail","hentry","category-infantil-ca"],"yoast_head":"<!-- This site is optimized with the Yoast SEO plugin v27.5 - https:\/\/yoast.com\/product\/yoast-seo-wordpress\/ -->\n<title>Un dia de cavalls a Infantil - Colegio Coraz\u00f3n Inmaculado de Mar\u00eda<\/title>\n<meta name=\"robots\" content=\"noindex, follow\" \/>\n<meta property=\"og:locale\" content=\"ca_ES\" \/>\n<meta property=\"og:type\" content=\"article\" \/>\n<meta property=\"og:title\" content=\"Un dia de cavalls a Infantil - Colegio Coraz\u00f3n Inmaculado de Mar\u00eda\" \/>\n<meta property=\"og:description\" content=\"Ahir vem gaudir d&#8217;una visita molt especial a l&#8217;escola: uns visitants equins, el cavall Goliat (un Bret\u00f3 de la Cerdanya) i els ponis Totoa i H\u00e8rcules. En el moment en qu\u00e8 els alumnes han vist arribar el cami\u00f3 s&#8217;han entusiasmat observant com baixaven els cavalls. Estaven ansiosos per acostar-se. Quan tots els alumnes d&#8217;infantil han [&hellip;]\" \/>\n<meta property=\"og:url\" content=\"https:\/\/colegiocim.es\/ca\/un-dia-de-cavalls-a-infantil\/\" \/>\n<meta property=\"og:site_name\" content=\"Colegio Coraz\u00f3n Inmaculado de Mar\u00eda\" \/>\n<meta property=\"article:publisher\" content=\"https:\/\/facebook.com\/colegiocim\" \/>\n<meta property=\"article:published_time\" content=\"2021-05-07T07:20:00+00:00\" \/>\n<meta property=\"article:modified_time\" content=\"2021-05-17T07:30:47+00:00\" \/>\n<meta property=\"og:image\" content=\"https:\/\/colegiocim.es\/wp-content\/uploads\/2021\/05\/20210506_113127.jpg\" \/>\n\t<meta property=\"og:image:width\" content=\"1613\" \/>\n\t<meta property=\"og:image:height\" content=\"908\" \/>\n\t<meta property=\"og:image:type\" content=\"image\/jpeg\" \/>\n<meta name=\"author\" content=\"Mat\u00edas Cluet\" \/>\n<meta name=\"twitter:card\" content=\"summary_large_image\" \/>\n<meta name=\"twitter:creator\" content=\"@cimsentmenat\" \/>\n<meta name=\"twitter:site\" content=\"@cimsentmenat\" \/>\n<meta name=\"twitter:label1\" content=\"Escrit per\" \/>\n\t<meta name=\"twitter:data1\" content=\"Mat\u00edas Cluet\" \/>\n\t<meta name=\"twitter:label2\" content=\"Temps estimat de lectura\" \/>\n\t<meta name=\"twitter:data2\" content=\"1 minut\" \/>\n<script type=\"application\/ld+json\" class=\"yoast-schema-graph\">{\"@context\":\"https:\\\/\\\/schema.org\",\"@graph\":[{\"@type\":\"Article\",\"@id\":\"https:\\\/\\\/colegiocim.es\\\/ca\\\/un-dia-de-cavalls-a-infantil\\\/#article\",\"isPartOf\":{\"@id\":\"https:\\\/\\\/colegiocim.es\\\/ca\\\/un-dia-de-cavalls-a-infantil\\\/\"},\"author\":{\"name\":\"Mat\u00edas Cluet\",\"@id\":\"https:\\\/\\\/colegiocim.es\\\/#\\\/schema\\\/person\\\/26aab585685805d0acbea8a5646e314e\"},\"headline\":\"Un dia de cavalls a Infantil\",\"datePublished\":\"2021-05-07T07:20:00+00:00\",\"dateModified\":\"2021-05-17T07:30:47+00:00\",\"mainEntityOfPage\":{\"@id\":\"https:\\\/\\\/colegiocim.es\\\/ca\\\/un-dia-de-cavalls-a-infantil\\\/\"},\"wordCount\":153,\"commentCount\":0,\"publisher\":{\"@id\":\"https:\\\/\\\/colegiocim.es\\\/#organization\"},\"image\":{\"@id\":\"https:\\\/\\\/colegiocim.es\\\/ca\\\/un-dia-de-cavalls-a-infantil\\\/#primaryimage\"},\"thumbnailUrl\":\"https:\\\/\\\/colegiocim.es\\\/wp-content\\\/uploads\\\/2021\\\/05\\\/20210506_113127.jpg\",\"articleSection\":[\"Infantil\"],\"inLanguage\":\"ca\",\"potentialAction\":[{\"@type\":\"CommentAction\",\"name\":\"Comment\",\"target\":[\"https:\\\/\\\/colegiocim.es\\\/ca\\\/un-dia-de-cavalls-a-infantil\\\/#respond\"]}]},{\"@type\":\"WebPage\",\"@id\":\"https:\\\/\\\/colegiocim.es\\\/ca\\\/un-dia-de-cavalls-a-infantil\\\/\",\"url\":\"https:\\\/\\\/colegiocim.es\\\/ca\\\/un-dia-de-cavalls-a-infantil\\\/\",\"name\":\"Un dia de cavalls a Infantil - Colegio Coraz\u00f3n Inmaculado de Mar\u00eda\",\"isPartOf\":{\"@id\":\"https:\\\/\\\/colegiocim.es\\\/#website\"},\"primaryImageOfPage\":{\"@id\":\"https:\\\/\\\/colegiocim.es\\\/ca\\\/un-dia-de-cavalls-a-infantil\\\/#primaryimage\"},\"image\":{\"@id\":\"https:\\\/\\\/colegiocim.es\\\/ca\\\/un-dia-de-cavalls-a-infantil\\\/#primaryimage\"},\"thumbnailUrl\":\"https:\\\/\\\/colegiocim.es\\\/wp-content\\\/uploads\\\/2021\\\/05\\\/20210506_113127.jpg\",\"datePublished\":\"2021-05-07T07:20:00+00:00\",\"dateModified\":\"2021-05-17T07:30:47+00:00\",\"breadcrumb\":{\"@id\":\"https:\\\/\\\/colegiocim.es\\\/ca\\\/un-dia-de-cavalls-a-infantil\\\/#breadcrumb\"},\"inLanguage\":\"ca\",\"potentialAction\":[{\"@type\":\"ReadAction\",\"target\":[\"https:\\\/\\\/colegiocim.es\\\/ca\\\/un-dia-de-cavalls-a-infantil\\\/\"]}]},{\"@type\":\"ImageObject\",\"inLanguage\":\"ca\",\"@id\":\"https:\\\/\\\/colegiocim.es\\\/ca\\\/un-dia-de-cavalls-a-infantil\\\/#primaryimage\",\"url\":\"https:\\\/\\\/colegiocim.es\\\/wp-content\\\/uploads\\\/2021\\\/05\\\/20210506_113127.jpg\",\"contentUrl\":\"https:\\\/\\\/colegiocim.es\\\/wp-content\\\/uploads\\\/2021\\\/05\\\/20210506_113127.jpg\",\"width\":1613,\"height\":908},{\"@type\":\"BreadcrumbList\",\"@id\":\"https:\\\/\\\/colegiocim.es\\\/ca\\\/un-dia-de-cavalls-a-infantil\\\/#breadcrumb\",\"itemListElement\":[{\"@type\":\"ListItem\",\"position\":1,\"name\":\"Portada\",\"item\":\"https:\\\/\\\/colegiocim.es\\\/ca\\\/\"},{\"@type\":\"ListItem\",\"position\":2,\"name\":\"Un dia de cavalls a Infantil\"}]},{\"@type\":\"WebSite\",\"@id\":\"https:\\\/\\\/colegiocim.es\\\/#website\",\"url\":\"https:\\\/\\\/colegiocim.es\\\/\",\"name\":\"Colegio Coraz\u00f3n Inmaculado de Mar\u00eda\",\"description\":\"Colegio privado cat\u00f3lico en Sentmenat\",\"publisher\":{\"@id\":\"https:\\\/\\\/colegiocim.es\\\/#organization\"},\"potentialAction\":[{\"@type\":\"SearchAction\",\"target\":{\"@type\":\"EntryPoint\",\"urlTemplate\":\"https:\\\/\\\/colegiocim.es\\\/?s={search_term_string}\"},\"query-input\":{\"@type\":\"PropertyValueSpecification\",\"valueRequired\":true,\"valueName\":\"search_term_string\"}}],\"inLanguage\":\"ca\"},{\"@type\":\"Organization\",\"@id\":\"https:\\\/\\\/colegiocim.es\\\/#organization\",\"name\":\"Colegio Coraz\u00f3n Inmaculado de Mar\u00eda\",\"url\":\"https:\\\/\\\/colegiocim.es\\\/\",\"logo\":{\"@type\":\"ImageObject\",\"inLanguage\":\"ca\",\"@id\":\"https:\\\/\\\/colegiocim.es\\\/#\\\/schema\\\/logo\\\/image\\\/\",\"url\":\"https:\\\/\\\/www.colegiocim.es\\\/wp-content\\\/uploads\\\/2021\\\/03\\\/CCIM-ESP.png\",\"contentUrl\":\"https:\\\/\\\/www.colegiocim.es\\\/wp-content\\\/uploads\\\/2021\\\/03\\\/CCIM-ESP.png\",\"width\":357,\"height\":86,\"caption\":\"Colegio Coraz\u00f3n Inmaculado de Mar\u00eda\"},\"image\":{\"@id\":\"https:\\\/\\\/colegiocim.es\\\/#\\\/schema\\\/logo\\\/image\\\/\"},\"sameAs\":[\"https:\\\/\\\/facebook.com\\\/colegiocim\",\"https:\\\/\\\/x.com\\\/cimsentmenat\"]},{\"@type\":\"Person\",\"@id\":\"https:\\\/\\\/colegiocim.es\\\/#\\\/schema\\\/person\\\/26aab585685805d0acbea8a5646e314e\",\"name\":\"Mat\u00edas Cluet\",\"image\":{\"@type\":\"ImageObject\",\"inLanguage\":\"ca\",\"@id\":\"https:\\\/\\\/secure.gravatar.com\\\/avatar\\\/88fd60871505f232c9f0dddada52105c10879f0d1617a2be55fb2ca57f73c135?s=96&d=mm&r=g\",\"url\":\"https:\\\/\\\/secure.gravatar.com\\\/avatar\\\/88fd60871505f232c9f0dddada52105c10879f0d1617a2be55fb2ca57f73c135?s=96&d=mm&r=g\",\"contentUrl\":\"https:\\\/\\\/secure.gravatar.com\\\/avatar\\\/88fd60871505f232c9f0dddada52105c10879f0d1617a2be55fb2ca57f73c135?s=96&d=mm&r=g\",\"caption\":\"Mat\u00edas Cluet\"}}]}<\/script>\n<!-- \/ Yoast SEO plugin. -->","yoast_head_json":{"title":"Un dia de cavalls a Infantil - Colegio Coraz\u00f3n Inmaculado de Mar\u00eda","robots":{"index":"noindex","follow":"follow"},"og_locale":"ca_ES","og_type":"article","og_title":"Un dia de cavalls a Infantil - Colegio Coraz\u00f3n Inmaculado de Mar\u00eda","og_description":"Ahir vem gaudir d&#8217;una visita molt especial a l&#8217;escola: uns visitants equins, el cavall Goliat (un Bret\u00f3 de la Cerdanya) i els ponis Totoa i H\u00e8rcules. En el moment en qu\u00e8 els alumnes han vist arribar el cami\u00f3 s&#8217;han entusiasmat observant com baixaven els cavalls. Estaven ansiosos per acostar-se. Quan tots els alumnes d&#8217;infantil han [&hellip;]","og_url":"https:\/\/colegiocim.es\/ca\/un-dia-de-cavalls-a-infantil\/","og_site_name":"Colegio Coraz\u00f3n Inmaculado de Mar\u00eda","article_publisher":"https:\/\/facebook.com\/colegiocim","article_published_time":"2021-05-07T07:20:00+00:00","article_modified_time":"2021-05-17T07:30:47+00:00","og_image":[{"width":1613,"height":908,"url":"https:\/\/colegiocim.es\/wp-content\/uploads\/2021\/05\/20210506_113127.jpg","type":"image\/jpeg"}],"author":"Mat\u00edas Cluet","twitter_card":"summary_large_image","twitter_creator":"@cimsentmenat","twitter_site":"@cimsentmenat","twitter_misc":{"Escrit per":"Mat\u00edas Cluet","Temps estimat de lectura":"1 minut"},"schema":{"@context":"https:\/\/schema.org","@graph":[{"@type":"Article","@id":"https:\/\/colegiocim.es\/ca\/un-dia-de-cavalls-a-infantil\/#article","isPartOf":{"@id":"https:\/\/colegiocim.es\/ca\/un-dia-de-cavalls-a-infantil\/"},"author":{"name":"Mat\u00edas Cluet","@id":"https:\/\/colegiocim.es\/#\/schema\/person\/26aab585685805d0acbea8a5646e314e"},"headline":"Un dia de cavalls a Infantil","datePublished":"2021-05-07T07:20:00+00:00","dateModified":"2021-05-17T07:30:47+00:00","mainEntityOfPage":{"@id":"https:\/\/colegiocim.es\/ca\/un-dia-de-cavalls-a-infantil\/"},"wordCount":153,"commentCount":0,"publisher":{"@id":"https:\/\/colegiocim.es\/#organization"},"image":{"@id":"https:\/\/colegiocim.es\/ca\/un-dia-de-cavalls-a-infantil\/#primaryimage"},"thumbnailUrl":"https:\/\/colegiocim.es\/wp-content\/uploads\/2021\/05\/20210506_113127.jpg","articleSection":["Infantil"],"inLanguage":"ca","potentialAction":[{"@type":"CommentAction","name":"Comment","target":["https:\/\/colegiocim.es\/ca\/un-dia-de-cavalls-a-infantil\/#respond"]}]},{"@type":"WebPage","@id":"https:\/\/colegiocim.es\/ca\/un-dia-de-cavalls-a-infantil\/","url":"https:\/\/colegiocim.es\/ca\/un-dia-de-cavalls-a-infantil\/","name":"Un dia de cavalls a Infantil - Colegio Coraz\u00f3n Inmaculado de Mar\u00eda","isPartOf":{"@id":"https:\/\/colegiocim.es\/#website"},"primaryImageOfPage":{"@id":"https:\/\/colegiocim.es\/ca\/un-dia-de-cavalls-a-infantil\/#primaryimage"},"image":{"@id":"https:\/\/colegiocim.es\/ca\/un-dia-de-cavalls-a-infantil\/#primaryimage"},"thumbnailUrl":"https:\/\/colegiocim.es\/wp-content\/uploads\/2021\/05\/20210506_113127.jpg","datePublished":"2021-05-07T07:20:00+00:00","dateModified":"2021-05-17T07:30:47+00:00","breadcrumb":{"@id":"https:\/\/colegiocim.es\/ca\/un-dia-de-cavalls-a-infantil\/#breadcrumb"},"inLanguage":"ca","potentialAction":[{"@type":"ReadAction","target":["https:\/\/colegiocim.es\/ca\/un-dia-de-cavalls-a-infantil\/"]}]},{"@type":"ImageObject","inLanguage":"ca","@id":"https:\/\/colegiocim.es\/ca\/un-dia-de-cavalls-a-infantil\/#primaryimage","url":"https:\/\/colegiocim.es\/wp-content\/uploads\/2021\/05\/20210506_113127.jpg","contentUrl":"https:\/\/colegiocim.es\/wp-content\/uploads\/2021\/05\/20210506_113127.jpg","width":1613,"height":908},{"@type":"BreadcrumbList","@id":"https:\/\/colegiocim.es\/ca\/un-dia-de-cavalls-a-infantil\/#breadcrumb","itemListElement":[{"@type":"ListItem","position":1,"name":"Portada","item":"https:\/\/colegiocim.es\/ca\/"},{"@type":"ListItem","position":2,"name":"Un dia de cavalls a Infantil"}]},{"@type":"WebSite","@id":"https:\/\/colegiocim.es\/#website","url":"https:\/\/colegiocim.es\/","name":"Colegio Coraz\u00f3n Inmaculado de Mar\u00eda","description":"Colegio privado cat\u00f3lico en Sentmenat","publisher":{"@id":"https:\/\/colegiocim.es\/#organization"},"potentialAction":[{"@type":"SearchAction","target":{"@type":"EntryPoint","urlTemplate":"https:\/\/colegiocim.es\/?s={search_term_string}"},"query-input":{"@type":"PropertyValueSpecification","valueRequired":true,"valueName":"search_term_string"}}],"inLanguage":"ca"},{"@type":"Organization","@id":"https:\/\/colegiocim.es\/#organization","name":"Colegio Coraz\u00f3n Inmaculado de Mar\u00eda","url":"https:\/\/colegiocim.es\/","logo":{"@type":"ImageObject","inLanguage":"ca","@id":"https:\/\/colegiocim.es\/#\/schema\/logo\/image\/","url":"https:\/\/www.colegiocim.es\/wp-content\/uploads\/2021\/03\/CCIM-ESP.png","contentUrl":"https:\/\/www.colegiocim.es\/wp-content\/uploads\/2021\/03\/CCIM-ESP.png","width":357,"height":86,"caption":"Colegio Coraz\u00f3n Inmaculado de Mar\u00eda"},"image":{"@id":"https:\/\/colegiocim.es\/#\/schema\/logo\/image\/"},"sameAs":["https:\/\/facebook.com\/colegiocim","https:\/\/x.com\/cimsentmenat"]},{"@type":"Person","@id":"https:\/\/colegiocim.es\/#\/schema\/person\/26aab585685805d0acbea8a5646e314e","name":"Mat\u00edas Cluet","image":{"@type":"ImageObject","inLanguage":"ca","@id":"https:\/\/secure.gravatar.com\/avatar\/88fd60871505f232c9f0dddada52105c10879f0d1617a2be55fb2ca57f73c135?s=96&d=mm&r=g","url":"https:\/\/secure.gravatar.com\/avatar\/88fd60871505f232c9f0dddada52105c10879f0d1617a2be55fb2ca57f73c135?s=96&d=mm&r=g","contentUrl":"https:\/\/secure.gravatar.com\/avatar\/88fd60871505f232c9f0dddada52105c10879f0d1617a2be55fb2ca57f73c135?s=96&d=mm&r=g","caption":"Mat\u00edas Cluet"}}]}},"_links":{"self":[{"href":"https:\/\/colegiocim.es\/ca\/wp-json\/wp\/v2\/posts\/1858","targetHints":{"allow":["GET"]}}],"collection":[{"href":"https:\/\/colegiocim.es\/ca\/wp-json\/wp\/v2\/posts"}],"about":[{"href":"https:\/\/colegiocim.es\/ca\/wp-json\/wp\/v2\/types\/post"}],"author":[{"embeddable":true,"href":"https:\/\/colegiocim.es\/ca\/wp-json\/wp\/v2\/users\/6"}],"replies":[{"embeddable":true,"href":"https:\/\/colegiocim.es\/ca\/wp-json\/wp\/v2\/comments?post=1858"}],"version-history":[{"count":0,"href":"https:\/\/colegiocim.es\/ca\/wp-json\/wp\/v2\/posts\/1858\/revisions"}],"wp:featuredmedia":[{"embeddable":true,"href":"https:\/\/colegiocim.es\/ca\/wp-json\/wp\/v2\/media\/1856"}],"wp:attachment":[{"href":"https:\/\/colegiocim.es\/ca\/wp-json\/wp\/v2\/media?parent=1858"}],"wp:term":[{"taxonomy":"category","embeddable":true,"href":"https:\/\/colegiocim.es\/ca\/wp-json\/wp\/v2\/categories?post=1858"},{"taxonomy":"post_tag","embeddable":true,"href":"https:\/\/colegiocim.es\/ca\/wp-json\/wp\/v2\/tags?post=1858"}],"curies":[{"name":"wp","href":"https:\/\/api.w.org\/{rel}","templated":true}]}}