{"id":1893,"date":"2021-05-20T12:45:00","date_gmt":"2021-05-20T10:45:00","guid":{"rendered":"https:\/\/www.colegiocim.es\/competencies-basiques-de-ed-primaria\/"},"modified":"2021-06-14T12:52:48","modified_gmt":"2021-06-14T10:52:48","slug":"competencies-basiques-de-ed-primaria","status":"publish","type":"post","link":"https:\/\/colegiocim.es\/ca\/competencies-basiques-de-ed-primaria\/","title":{"rendered":"Compet\u00e8ncies b\u00e0siques d&#8217;Educaci\u00f3 Prim\u00e0ria"},"content":{"rendered":"\n<p>El mes de maig ha estat inaugurat pels alumnes de 6\u00e8 amb les Compet\u00e8ncies B\u00e0siques: tres jornades d&#8217;ex\u00e0mens en les quals han estat avaluats de les diferents mat\u00e8ries troncals. Per a tots, han estat uns mesos de molta feina i preparaci\u00f3. Esperem que fructifiqui amb excel\u00b7lents resultats.<\/p>\n\n<figure class=\"wp-block-image size-large\"><img fetchpriority=\"high\" decoding=\"async\" width=\"1024\" height=\"576\" src=\"https:\/\/www.colegiocim.es\/wp-content\/uploads\/2021\/06\/WhatsApp-Image-2021-05-06-at-09.19.52-1024x576.jpeg\" alt=\"\" class=\"wp-image-1888\" srcset=\"https:\/\/colegiocim.es\/wp-content\/uploads\/2021\/06\/WhatsApp-Image-2021-05-06-at-09.19.52-1024x576.jpeg 1024w, https:\/\/colegiocim.es\/wp-content\/uploads\/2021\/06\/WhatsApp-Image-2021-05-06-at-09.19.52-300x169.jpeg 300w, https:\/\/colegiocim.es\/wp-content\/uploads\/2021\/06\/WhatsApp-Image-2021-05-06-at-09.19.52-768x432.jpeg 768w, https:\/\/colegiocim.es\/wp-content\/uploads\/2021\/06\/WhatsApp-Image-2021-05-06-at-09.19.52-1536x864.jpeg 1536w, https:\/\/colegiocim.es\/wp-content\/uploads\/2021\/06\/WhatsApp-Image-2021-05-06-at-09.19.52.jpeg 2048w\" sizes=\"(max-width: 1024px) 100vw, 1024px\" \/><figcaption>Alumnes d&#8217;Educaci\u00f3 Prim\u00e0ria realitzant les proves de Compet\u00e8ncies b\u00e0siques.<\/figcaption><\/figure>\n","protected":false},"excerpt":{"rendered":"<p>El mes de maig ha estat inaugurat pels alumnes de 6\u00e8 amb les Compet\u00e8ncies B\u00e0siques: tres jornades d&#8217;ex\u00e0mens en les quals han estat avaluats de les diferents mat\u00e8ries troncals. Per a tots, han estat uns mesos de molta feina i preparaci\u00f3. Esperem que fructifiqui amb excel\u00b7lents resultats.<\/p>\n","protected":false},"author":6,"featured_media":1891,"comment_status":"open","ping_status":"open","sticky":false,"template":"","format":"standard","meta":{"footnotes":""},"categories":[45],"tags":[],"class_list":["post-1893","post","type-post","status-publish","format-standard","has-post-thumbnail","hentry","category-execellencia-academica"],"yoast_head":"<!-- This site is optimized with the Yoast SEO plugin v27.5 - https:\/\/yoast.com\/product\/yoast-seo-wordpress\/ -->\n<title>Compet\u00e8ncies b\u00e0siques d&#039;Educaci\u00f3 Prim\u00e0ria - Colegio Coraz\u00f3n Inmaculado de Mar\u00eda<\/title>\n<meta name=\"robots\" content=\"noindex, follow\" \/>\n<meta property=\"og:locale\" content=\"ca_ES\" \/>\n<meta property=\"og:type\" content=\"article\" \/>\n<meta property=\"og:title\" content=\"Compet\u00e8ncies b\u00e0siques d&#039;Educaci\u00f3 Prim\u00e0ria - Colegio Coraz\u00f3n Inmaculado de Mar\u00eda\" \/>\n<meta property=\"og:description\" content=\"El mes de maig ha estat inaugurat pels alumnes de 6\u00e8 amb les Compet\u00e8ncies B\u00e0siques: tres jornades d&#8217;ex\u00e0mens en les quals han estat avaluats de les diferents mat\u00e8ries troncals. Per a tots, han estat uns mesos de molta feina i preparaci\u00f3. Esperem que fructifiqui amb excel\u00b7lents resultats.\" \/>\n<meta property=\"og:url\" content=\"https:\/\/colegiocim.es\/ca\/competencies-basiques-de-ed-primaria\/\" \/>\n<meta property=\"og:site_name\" content=\"Colegio Coraz\u00f3n Inmaculado de Mar\u00eda\" \/>\n<meta property=\"article:publisher\" content=\"https:\/\/facebook.com\/colegiocim\" \/>\n<meta property=\"article:published_time\" content=\"2021-05-20T10:45:00+00:00\" \/>\n<meta property=\"article:modified_time\" content=\"2021-06-14T10:52:48+00:00\" \/>\n<meta property=\"og:image\" content=\"https:\/\/colegiocim.es\/wp-content\/uploads\/2021\/06\/WhatsApp-Image-2021-05-06-at-09.19.53.jpeg\" \/>\n\t<meta property=\"og:image:width\" content=\"2048\" \/>\n\t<meta property=\"og:image:height\" content=\"1152\" \/>\n\t<meta property=\"og:image:type\" content=\"image\/jpeg\" \/>\n<meta name=\"author\" content=\"Mat\u00edas Cluet\" \/>\n<meta name=\"twitter:card\" content=\"summary_large_image\" \/>\n<meta name=\"twitter:creator\" content=\"@cimsentmenat\" \/>\n<meta name=\"twitter:site\" content=\"@cimsentmenat\" \/>\n<meta name=\"twitter:label1\" content=\"Escrit per\" \/>\n\t<meta name=\"twitter:data1\" content=\"Mat\u00edas Cluet\" \/>\n<script type=\"application\/ld+json\" class=\"yoast-schema-graph\">{\"@context\":\"https:\\\/\\\/schema.org\",\"@graph\":[{\"@type\":\"Article\",\"@id\":\"https:\\\/\\\/colegiocim.es\\\/ca\\\/competencies-basiques-de-ed-primaria\\\/#article\",\"isPartOf\":{\"@id\":\"https:\\\/\\\/colegiocim.es\\\/ca\\\/competencies-basiques-de-ed-primaria\\\/\"},\"author\":{\"name\":\"Mat\u00edas Cluet\",\"@id\":\"https:\\\/\\\/colegiocim.es\\\/#\\\/schema\\\/person\\\/26aab585685805d0acbea8a5646e314e\"},\"headline\":\"Compet\u00e8ncies b\u00e0siques d&#8217;Educaci\u00f3 Prim\u00e0ria\",\"datePublished\":\"2021-05-20T10:45:00+00:00\",\"dateModified\":\"2021-06-14T10:52:48+00:00\",\"mainEntityOfPage\":{\"@id\":\"https:\\\/\\\/colegiocim.es\\\/ca\\\/competencies-basiques-de-ed-primaria\\\/\"},\"wordCount\":70,\"commentCount\":0,\"publisher\":{\"@id\":\"https:\\\/\\\/colegiocim.es\\\/#organization\"},\"image\":{\"@id\":\"https:\\\/\\\/colegiocim.es\\\/ca\\\/competencies-basiques-de-ed-primaria\\\/#primaryimage\"},\"thumbnailUrl\":\"https:\\\/\\\/colegiocim.es\\\/wp-content\\\/uploads\\\/2021\\\/06\\\/WhatsApp-Image-2021-05-06-at-09.19.53.jpeg\",\"articleSection\":[\"Excel\u00b7l\u00e8ncia acad\u00e8mica\"],\"inLanguage\":\"ca\",\"potentialAction\":[{\"@type\":\"CommentAction\",\"name\":\"Comment\",\"target\":[\"https:\\\/\\\/colegiocim.es\\\/ca\\\/competencies-basiques-de-ed-primaria\\\/#respond\"]}]},{\"@type\":\"WebPage\",\"@id\":\"https:\\\/\\\/colegiocim.es\\\/ca\\\/competencies-basiques-de-ed-primaria\\\/\",\"url\":\"https:\\\/\\\/colegiocim.es\\\/ca\\\/competencies-basiques-de-ed-primaria\\\/\",\"name\":\"Compet\u00e8ncies b\u00e0siques d'Educaci\u00f3 Prim\u00e0ria - Colegio Coraz\u00f3n Inmaculado de Mar\u00eda\",\"isPartOf\":{\"@id\":\"https:\\\/\\\/colegiocim.es\\\/#website\"},\"primaryImageOfPage\":{\"@id\":\"https:\\\/\\\/colegiocim.es\\\/ca\\\/competencies-basiques-de-ed-primaria\\\/#primaryimage\"},\"image\":{\"@id\":\"https:\\\/\\\/colegiocim.es\\\/ca\\\/competencies-basiques-de-ed-primaria\\\/#primaryimage\"},\"thumbnailUrl\":\"https:\\\/\\\/colegiocim.es\\\/wp-content\\\/uploads\\\/2021\\\/06\\\/WhatsApp-Image-2021-05-06-at-09.19.53.jpeg\",\"datePublished\":\"2021-05-20T10:45:00+00:00\",\"dateModified\":\"2021-06-14T10:52:48+00:00\",\"breadcrumb\":{\"@id\":\"https:\\\/\\\/colegiocim.es\\\/ca\\\/competencies-basiques-de-ed-primaria\\\/#breadcrumb\"},\"inLanguage\":\"ca\",\"potentialAction\":[{\"@type\":\"ReadAction\",\"target\":[\"https:\\\/\\\/colegiocim.es\\\/ca\\\/competencies-basiques-de-ed-primaria\\\/\"]}]},{\"@type\":\"ImageObject\",\"inLanguage\":\"ca\",\"@id\":\"https:\\\/\\\/colegiocim.es\\\/ca\\\/competencies-basiques-de-ed-primaria\\\/#primaryimage\",\"url\":\"https:\\\/\\\/colegiocim.es\\\/wp-content\\\/uploads\\\/2021\\\/06\\\/WhatsApp-Image-2021-05-06-at-09.19.53.jpeg\",\"contentUrl\":\"https:\\\/\\\/colegiocim.es\\\/wp-content\\\/uploads\\\/2021\\\/06\\\/WhatsApp-Image-2021-05-06-at-09.19.53.jpeg\",\"width\":2048,\"height\":1152},{\"@type\":\"BreadcrumbList\",\"@id\":\"https:\\\/\\\/colegiocim.es\\\/ca\\\/competencies-basiques-de-ed-primaria\\\/#breadcrumb\",\"itemListElement\":[{\"@type\":\"ListItem\",\"position\":1,\"name\":\"Portada\",\"item\":\"https:\\\/\\\/colegiocim.es\\\/ca\\\/\"},{\"@type\":\"ListItem\",\"position\":2,\"name\":\"Compet\u00e8ncies b\u00e0siques d&#8217;Educaci\u00f3 Prim\u00e0ria\"}]},{\"@type\":\"WebSite\",\"@id\":\"https:\\\/\\\/colegiocim.es\\\/#website\",\"url\":\"https:\\\/\\\/colegiocim.es\\\/\",\"name\":\"Colegio Coraz\u00f3n Inmaculado de Mar\u00eda\",\"description\":\"Colegio privado cat\u00f3lico en Sentmenat\",\"publisher\":{\"@id\":\"https:\\\/\\\/colegiocim.es\\\/#organization\"},\"potentialAction\":[{\"@type\":\"SearchAction\",\"target\":{\"@type\":\"EntryPoint\",\"urlTemplate\":\"https:\\\/\\\/colegiocim.es\\\/?s={search_term_string}\"},\"query-input\":{\"@type\":\"PropertyValueSpecification\",\"valueRequired\":true,\"valueName\":\"search_term_string\"}}],\"inLanguage\":\"ca\"},{\"@type\":\"Organization\",\"@id\":\"https:\\\/\\\/colegiocim.es\\\/#organization\",\"name\":\"Colegio Coraz\u00f3n Inmaculado de Mar\u00eda\",\"url\":\"https:\\\/\\\/colegiocim.es\\\/\",\"logo\":{\"@type\":\"ImageObject\",\"inLanguage\":\"ca\",\"@id\":\"https:\\\/\\\/colegiocim.es\\\/#\\\/schema\\\/logo\\\/image\\\/\",\"url\":\"https:\\\/\\\/www.colegiocim.es\\\/wp-content\\\/uploads\\\/2021\\\/03\\\/CCIM-ESP.png\",\"contentUrl\":\"https:\\\/\\\/www.colegiocim.es\\\/wp-content\\\/uploads\\\/2021\\\/03\\\/CCIM-ESP.png\",\"width\":357,\"height\":86,\"caption\":\"Colegio Coraz\u00f3n Inmaculado de Mar\u00eda\"},\"image\":{\"@id\":\"https:\\\/\\\/colegiocim.es\\\/#\\\/schema\\\/logo\\\/image\\\/\"},\"sameAs\":[\"https:\\\/\\\/facebook.com\\\/colegiocim\",\"https:\\\/\\\/x.com\\\/cimsentmenat\"]},{\"@type\":\"Person\",\"@id\":\"https:\\\/\\\/colegiocim.es\\\/#\\\/schema\\\/person\\\/26aab585685805d0acbea8a5646e314e\",\"name\":\"Mat\u00edas Cluet\",\"image\":{\"@type\":\"ImageObject\",\"inLanguage\":\"ca\",\"@id\":\"https:\\\/\\\/secure.gravatar.com\\\/avatar\\\/88fd60871505f232c9f0dddada52105c10879f0d1617a2be55fb2ca57f73c135?s=96&d=mm&r=g\",\"url\":\"https:\\\/\\\/secure.gravatar.com\\\/avatar\\\/88fd60871505f232c9f0dddada52105c10879f0d1617a2be55fb2ca57f73c135?s=96&d=mm&r=g\",\"contentUrl\":\"https:\\\/\\\/secure.gravatar.com\\\/avatar\\\/88fd60871505f232c9f0dddada52105c10879f0d1617a2be55fb2ca57f73c135?s=96&d=mm&r=g\",\"caption\":\"Mat\u00edas Cluet\"}}]}<\/script>\n<!-- \/ Yoast SEO plugin. -->","yoast_head_json":{"title":"Compet\u00e8ncies b\u00e0siques d'Educaci\u00f3 Prim\u00e0ria - Colegio Coraz\u00f3n Inmaculado de Mar\u00eda","robots":{"index":"noindex","follow":"follow"},"og_locale":"ca_ES","og_type":"article","og_title":"Compet\u00e8ncies b\u00e0siques d'Educaci\u00f3 Prim\u00e0ria - Colegio Coraz\u00f3n Inmaculado de Mar\u00eda","og_description":"El mes de maig ha estat inaugurat pels alumnes de 6\u00e8 amb les Compet\u00e8ncies B\u00e0siques: tres jornades d&#8217;ex\u00e0mens en les quals han estat avaluats de les diferents mat\u00e8ries troncals. Per a tots, han estat uns mesos de molta feina i preparaci\u00f3. Esperem que fructifiqui amb excel\u00b7lents resultats.","og_url":"https:\/\/colegiocim.es\/ca\/competencies-basiques-de-ed-primaria\/","og_site_name":"Colegio Coraz\u00f3n Inmaculado de Mar\u00eda","article_publisher":"https:\/\/facebook.com\/colegiocim","article_published_time":"2021-05-20T10:45:00+00:00","article_modified_time":"2021-06-14T10:52:48+00:00","og_image":[{"width":2048,"height":1152,"url":"https:\/\/colegiocim.es\/wp-content\/uploads\/2021\/06\/WhatsApp-Image-2021-05-06-at-09.19.53.jpeg","type":"image\/jpeg"}],"author":"Mat\u00edas Cluet","twitter_card":"summary_large_image","twitter_creator":"@cimsentmenat","twitter_site":"@cimsentmenat","twitter_misc":{"Escrit per":"Mat\u00edas Cluet"},"schema":{"@context":"https:\/\/schema.org","@graph":[{"@type":"Article","@id":"https:\/\/colegiocim.es\/ca\/competencies-basiques-de-ed-primaria\/#article","isPartOf":{"@id":"https:\/\/colegiocim.es\/ca\/competencies-basiques-de-ed-primaria\/"},"author":{"name":"Mat\u00edas Cluet","@id":"https:\/\/colegiocim.es\/#\/schema\/person\/26aab585685805d0acbea8a5646e314e"},"headline":"Compet\u00e8ncies b\u00e0siques d&#8217;Educaci\u00f3 Prim\u00e0ria","datePublished":"2021-05-20T10:45:00+00:00","dateModified":"2021-06-14T10:52:48+00:00","mainEntityOfPage":{"@id":"https:\/\/colegiocim.es\/ca\/competencies-basiques-de-ed-primaria\/"},"wordCount":70,"commentCount":0,"publisher":{"@id":"https:\/\/colegiocim.es\/#organization"},"image":{"@id":"https:\/\/colegiocim.es\/ca\/competencies-basiques-de-ed-primaria\/#primaryimage"},"thumbnailUrl":"https:\/\/colegiocim.es\/wp-content\/uploads\/2021\/06\/WhatsApp-Image-2021-05-06-at-09.19.53.jpeg","articleSection":["Excel\u00b7l\u00e8ncia acad\u00e8mica"],"inLanguage":"ca","potentialAction":[{"@type":"CommentAction","name":"Comment","target":["https:\/\/colegiocim.es\/ca\/competencies-basiques-de-ed-primaria\/#respond"]}]},{"@type":"WebPage","@id":"https:\/\/colegiocim.es\/ca\/competencies-basiques-de-ed-primaria\/","url":"https:\/\/colegiocim.es\/ca\/competencies-basiques-de-ed-primaria\/","name":"Compet\u00e8ncies b\u00e0siques d'Educaci\u00f3 Prim\u00e0ria - Colegio Coraz\u00f3n Inmaculado de Mar\u00eda","isPartOf":{"@id":"https:\/\/colegiocim.es\/#website"},"primaryImageOfPage":{"@id":"https:\/\/colegiocim.es\/ca\/competencies-basiques-de-ed-primaria\/#primaryimage"},"image":{"@id":"https:\/\/colegiocim.es\/ca\/competencies-basiques-de-ed-primaria\/#primaryimage"},"thumbnailUrl":"https:\/\/colegiocim.es\/wp-content\/uploads\/2021\/06\/WhatsApp-Image-2021-05-06-at-09.19.53.jpeg","datePublished":"2021-05-20T10:45:00+00:00","dateModified":"2021-06-14T10:52:48+00:00","breadcrumb":{"@id":"https:\/\/colegiocim.es\/ca\/competencies-basiques-de-ed-primaria\/#breadcrumb"},"inLanguage":"ca","potentialAction":[{"@type":"ReadAction","target":["https:\/\/colegiocim.es\/ca\/competencies-basiques-de-ed-primaria\/"]}]},{"@type":"ImageObject","inLanguage":"ca","@id":"https:\/\/colegiocim.es\/ca\/competencies-basiques-de-ed-primaria\/#primaryimage","url":"https:\/\/colegiocim.es\/wp-content\/uploads\/2021\/06\/WhatsApp-Image-2021-05-06-at-09.19.53.jpeg","contentUrl":"https:\/\/colegiocim.es\/wp-content\/uploads\/2021\/06\/WhatsApp-Image-2021-05-06-at-09.19.53.jpeg","width":2048,"height":1152},{"@type":"BreadcrumbList","@id":"https:\/\/colegiocim.es\/ca\/competencies-basiques-de-ed-primaria\/#breadcrumb","itemListElement":[{"@type":"ListItem","position":1,"name":"Portada","item":"https:\/\/colegiocim.es\/ca\/"},{"@type":"ListItem","position":2,"name":"Compet\u00e8ncies b\u00e0siques d&#8217;Educaci\u00f3 Prim\u00e0ria"}]},{"@type":"WebSite","@id":"https:\/\/colegiocim.es\/#website","url":"https:\/\/colegiocim.es\/","name":"Colegio Coraz\u00f3n Inmaculado de Mar\u00eda","description":"Colegio privado cat\u00f3lico en Sentmenat","publisher":{"@id":"https:\/\/colegiocim.es\/#organization"},"potentialAction":[{"@type":"SearchAction","target":{"@type":"EntryPoint","urlTemplate":"https:\/\/colegiocim.es\/?s={search_term_string}"},"query-input":{"@type":"PropertyValueSpecification","valueRequired":true,"valueName":"search_term_string"}}],"inLanguage":"ca"},{"@type":"Organization","@id":"https:\/\/colegiocim.es\/#organization","name":"Colegio Coraz\u00f3n Inmaculado de Mar\u00eda","url":"https:\/\/colegiocim.es\/","logo":{"@type":"ImageObject","inLanguage":"ca","@id":"https:\/\/colegiocim.es\/#\/schema\/logo\/image\/","url":"https:\/\/www.colegiocim.es\/wp-content\/uploads\/2021\/03\/CCIM-ESP.png","contentUrl":"https:\/\/www.colegiocim.es\/wp-content\/uploads\/2021\/03\/CCIM-ESP.png","width":357,"height":86,"caption":"Colegio Coraz\u00f3n Inmaculado de Mar\u00eda"},"image":{"@id":"https:\/\/colegiocim.es\/#\/schema\/logo\/image\/"},"sameAs":["https:\/\/facebook.com\/colegiocim","https:\/\/x.com\/cimsentmenat"]},{"@type":"Person","@id":"https:\/\/colegiocim.es\/#\/schema\/person\/26aab585685805d0acbea8a5646e314e","name":"Mat\u00edas Cluet","image":{"@type":"ImageObject","inLanguage":"ca","@id":"https:\/\/secure.gravatar.com\/avatar\/88fd60871505f232c9f0dddada52105c10879f0d1617a2be55fb2ca57f73c135?s=96&d=mm&r=g","url":"https:\/\/secure.gravatar.com\/avatar\/88fd60871505f232c9f0dddada52105c10879f0d1617a2be55fb2ca57f73c135?s=96&d=mm&r=g","contentUrl":"https:\/\/secure.gravatar.com\/avatar\/88fd60871505f232c9f0dddada52105c10879f0d1617a2be55fb2ca57f73c135?s=96&d=mm&r=g","caption":"Mat\u00edas Cluet"}}]}},"_links":{"self":[{"href":"https:\/\/colegiocim.es\/ca\/wp-json\/wp\/v2\/posts\/1893","targetHints":{"allow":["GET"]}}],"collection":[{"href":"https:\/\/colegiocim.es\/ca\/wp-json\/wp\/v2\/posts"}],"about":[{"href":"https:\/\/colegiocim.es\/ca\/wp-json\/wp\/v2\/types\/post"}],"author":[{"embeddable":true,"href":"https:\/\/colegiocim.es\/ca\/wp-json\/wp\/v2\/users\/6"}],"replies":[{"embeddable":true,"href":"https:\/\/colegiocim.es\/ca\/wp-json\/wp\/v2\/comments?post=1893"}],"version-history":[{"count":0,"href":"https:\/\/colegiocim.es\/ca\/wp-json\/wp\/v2\/posts\/1893\/revisions"}],"wp:featuredmedia":[{"embeddable":true,"href":"https:\/\/colegiocim.es\/ca\/wp-json\/wp\/v2\/media\/1891"}],"wp:attachment":[{"href":"https:\/\/colegiocim.es\/ca\/wp-json\/wp\/v2\/media?parent=1893"}],"wp:term":[{"taxonomy":"category","embeddable":true,"href":"https:\/\/colegiocim.es\/ca\/wp-json\/wp\/v2\/categories?post=1893"},{"taxonomy":"post_tag","embeddable":true,"href":"https:\/\/colegiocim.es\/ca\/wp-json\/wp\/v2\/tags?post=1893"}],"curies":[{"name":"wp","href":"https:\/\/api.w.org\/{rel}","templated":true}]}}