{"id":1909,"date":"2021-05-24T12:53:00","date_gmt":"2021-05-24T10:53:00","guid":{"rendered":"https:\/\/www.colegiocim.es\/nostra-senyora-de-fatima\/"},"modified":"2021-06-14T12:59:16","modified_gmt":"2021-06-14T10:59:16","slug":"nostra-senyora-de-fatima","status":"publish","type":"post","link":"https:\/\/colegiocim.es\/ca\/nostra-senyora-de-fatima\/","title":{"rendered":"Nostra Senyora de F\u00e0tima"},"content":{"rendered":"\n<p>El nostre col\u00b7legi s&#8217;ha vestit de color per les diferents activitats en honor a La nostra Mare en aquest temps dedicat a ella. Primerament, aprofitant la festivitat de Nostra Senyora de F\u00e0tima, hem entronitzat en un lloc c\u00e8ntric de la nostra escola, una imatge de la Patrona del Col\u00b7legi perqu\u00e8 presideixi la nostra tasca educativa. Les peticions i preg\u00e0ries dels alumnes de Prim\u00e0ria, s\u00f3n les flors que embelleixen la seva imatge i que, amb tota seguretat, Mar\u00eda acull aquestes ofrenes i les acosta al seu Cor Immaculat, estretament unit al Cor del seu Fill. <\/p>\n\n<figure class=\"wp-block-gallery columns-3 is-cropped wp-block-gallery-1 is-layout-flex wp-block-gallery-is-layout-flex\"><ul class=\"blocks-gallery-grid\"><li class=\"blocks-gallery-item\"><figure><img fetchpriority=\"high\" decoding=\"async\" width=\"1024\" height=\"498\" src=\"https:\/\/www.colegiocim.es\/wp-content\/uploads\/2021\/06\/WhatsApp-Image-2021-05-18-at-13.29.09-1-1024x498.jpeg\" alt=\"\" data-id=\"1902\" data-full-url=\"https:\/\/www.colegiocim.es\/wp-content\/uploads\/2021\/06\/WhatsApp-Image-2021-05-18-at-13.29.09-1.jpeg\" data-link=\"https:\/\/www.colegiocim.es\/?attachment_id=1902\" class=\"wp-image-1902\" srcset=\"https:\/\/colegiocim.es\/wp-content\/uploads\/2021\/06\/WhatsApp-Image-2021-05-18-at-13.29.09-1-1024x498.jpeg 1024w, https:\/\/colegiocim.es\/wp-content\/uploads\/2021\/06\/WhatsApp-Image-2021-05-18-at-13.29.09-1-300x146.jpeg 300w, https:\/\/colegiocim.es\/wp-content\/uploads\/2021\/06\/WhatsApp-Image-2021-05-18-at-13.29.09-1-768x373.jpeg 768w, https:\/\/colegiocim.es\/wp-content\/uploads\/2021\/06\/WhatsApp-Image-2021-05-18-at-13.29.09-1-1536x747.jpeg 1536w, https:\/\/colegiocim.es\/wp-content\/uploads\/2021\/06\/WhatsApp-Image-2021-05-18-at-13.29.09-1.jpeg 2016w\" sizes=\"(max-width: 1024px) 100vw, 1024px\" \/><\/figure><\/li><li class=\"blocks-gallery-item\"><figure><img decoding=\"async\" width=\"576\" height=\"1024\" src=\"https:\/\/www.colegiocim.es\/wp-content\/uploads\/2021\/06\/WhatsApp-Image-2021-05-18-at-12.28.54-576x1024.jpeg\" alt=\"\" data-id=\"1900\" data-full-url=\"https:\/\/www.colegiocim.es\/wp-content\/uploads\/2021\/06\/WhatsApp-Image-2021-05-18-at-12.28.54.jpeg\" data-link=\"https:\/\/www.colegiocim.es\/?attachment_id=1900\" class=\"wp-image-1900\" srcset=\"https:\/\/colegiocim.es\/wp-content\/uploads\/2021\/06\/WhatsApp-Image-2021-05-18-at-12.28.54-576x1024.jpeg 576w, https:\/\/colegiocim.es\/wp-content\/uploads\/2021\/06\/WhatsApp-Image-2021-05-18-at-12.28.54-169x300.jpeg 169w, https:\/\/colegiocim.es\/wp-content\/uploads\/2021\/06\/WhatsApp-Image-2021-05-18-at-12.28.54-768x1365.jpeg 768w, https:\/\/colegiocim.es\/wp-content\/uploads\/2021\/06\/WhatsApp-Image-2021-05-18-at-12.28.54-864x1536.jpeg 864w, https:\/\/colegiocim.es\/wp-content\/uploads\/2021\/06\/WhatsApp-Image-2021-05-18-at-12.28.54.jpeg 1152w\" sizes=\"(max-width: 576px) 100vw, 576px\" \/><\/figure><\/li><li class=\"blocks-gallery-item\"><figure><img decoding=\"async\" width=\"576\" height=\"1024\" src=\"https:\/\/www.colegiocim.es\/wp-content\/uploads\/2021\/06\/WhatsApp-Image-2021-05-18-at-12.28.52-576x1024.jpeg\" alt=\"\" data-id=\"1898\" data-full-url=\"https:\/\/www.colegiocim.es\/wp-content\/uploads\/2021\/06\/WhatsApp-Image-2021-05-18-at-12.28.52.jpeg\" data-link=\"https:\/\/www.colegiocim.es\/?attachment_id=1898\" class=\"wp-image-1898\" srcset=\"https:\/\/colegiocim.es\/wp-content\/uploads\/2021\/06\/WhatsApp-Image-2021-05-18-at-12.28.52-576x1024.jpeg 576w, https:\/\/colegiocim.es\/wp-content\/uploads\/2021\/06\/WhatsApp-Image-2021-05-18-at-12.28.52-169x300.jpeg 169w, https:\/\/colegiocim.es\/wp-content\/uploads\/2021\/06\/WhatsApp-Image-2021-05-18-at-12.28.52-768x1365.jpeg 768w, https:\/\/colegiocim.es\/wp-content\/uploads\/2021\/06\/WhatsApp-Image-2021-05-18-at-12.28.52-864x1536.jpeg 864w, https:\/\/colegiocim.es\/wp-content\/uploads\/2021\/06\/WhatsApp-Image-2021-05-18-at-12.28.52.jpeg 1152w\" sizes=\"(max-width: 576px) 100vw, 576px\" \/><\/figure><\/li><li class=\"blocks-gallery-item\"><figure><img loading=\"lazy\" decoding=\"async\" width=\"768\" height=\"1024\" src=\"https:\/\/www.colegiocim.es\/wp-content\/uploads\/2021\/06\/WhatsApp-Image-2021-05-18-at-13.29.09-768x1024.jpeg\" alt=\"\" data-id=\"1904\" data-full-url=\"https:\/\/www.colegiocim.es\/wp-content\/uploads\/2021\/06\/WhatsApp-Image-2021-05-18-at-13.29.09.jpeg\" data-link=\"https:\/\/www.colegiocim.es\/?attachment_id=1904\" class=\"wp-image-1904\" srcset=\"https:\/\/colegiocim.es\/wp-content\/uploads\/2021\/06\/WhatsApp-Image-2021-05-18-at-13.29.09-768x1024.jpeg 768w, https:\/\/colegiocim.es\/wp-content\/uploads\/2021\/06\/WhatsApp-Image-2021-05-18-at-13.29.09-225x300.jpeg 225w, https:\/\/colegiocim.es\/wp-content\/uploads\/2021\/06\/WhatsApp-Image-2021-05-18-at-13.29.09-1152x1536.jpeg 1152w, https:\/\/colegiocim.es\/wp-content\/uploads\/2021\/06\/WhatsApp-Image-2021-05-18-at-13.29.09.jpeg 1200w\" sizes=\"(max-width: 768px) 100vw, 768px\" \/><\/figure><\/li><\/ul><figcaption class=\"blocks-gallery-caption\">Cam\u00ed de Guanta &#8211; Voltants de Sentmenat<\/figcaption><\/figure>\n\n<p>Tamb\u00e9, els alumnes de sis\u00e8, aprofitant l&#8217;estudi dels invents del segle XIX, en la seva sortida amb bicicleta pels voltants dels boscos de Guanta, han tornat a col\u00b7locar una imatge de Ntra.. Sra. de Montserrat, amb la finalitat de continuar amb la veneraci\u00f3 popular tan \u00edntimament arrelada en el sentir del poble. <\/p>\n","protected":false},"excerpt":{"rendered":"<p>El nostre col\u00b7legi s&#8217;ha vestit de color per les diferents activitats en honor a La nostra Mare en aquest temps dedicat a ella. Primerament, aprofitant la festivitat de Nostra Senyora de F\u00e0tima, hem entronitzat en un lloc c\u00e8ntric de la nostra escola, una imatge de la Patrona del Col\u00b7legi perqu\u00e8 presideixi la nostra tasca educativa. [&hellip;]<\/p>\n","protected":false},"author":6,"featured_media":1907,"comment_status":"open","ping_status":"open","sticky":false,"template":"","format":"standard","meta":{"footnotes":""},"categories":[43],"tags":[],"class_list":["post-1909","post","type-post","status-publish","format-standard","has-post-thumbnail","hentry","category-religioses-general"],"yoast_head":"<!-- This site is optimized with the Yoast SEO plugin v27.5 - https:\/\/yoast.com\/product\/yoast-seo-wordpress\/ -->\n<title>Nostra Senyora de F\u00e0tima - Colegio Coraz\u00f3n Inmaculado de Mar\u00eda<\/title>\n<meta name=\"robots\" content=\"noindex, follow\" \/>\n<meta property=\"og:locale\" content=\"ca_ES\" \/>\n<meta property=\"og:type\" content=\"article\" \/>\n<meta property=\"og:title\" content=\"Nostra Senyora de F\u00e0tima - Colegio Coraz\u00f3n Inmaculado de Mar\u00eda\" \/>\n<meta property=\"og:description\" content=\"El nostre col\u00b7legi s&#8217;ha vestit de color per les diferents activitats en honor a La nostra Mare en aquest temps dedicat a ella. Primerament, aprofitant la festivitat de Nostra Senyora de F\u00e0tima, hem entronitzat en un lloc c\u00e8ntric de la nostra escola, una imatge de la Patrona del Col\u00b7legi perqu\u00e8 presideixi la nostra tasca educativa. [&hellip;]\" \/>\n<meta property=\"og:url\" content=\"https:\/\/colegiocim.es\/ca\/nostra-senyora-de-fatima\/\" \/>\n<meta property=\"og:site_name\" content=\"Colegio Coraz\u00f3n Inmaculado de Mar\u00eda\" \/>\n<meta property=\"article:publisher\" content=\"https:\/\/facebook.com\/colegiocim\" \/>\n<meta property=\"article:published_time\" content=\"2021-05-24T10:53:00+00:00\" \/>\n<meta property=\"article:modified_time\" content=\"2021-06-14T10:59:16+00:00\" \/>\n<meta property=\"og:image\" content=\"https:\/\/colegiocim.es\/wp-content\/uploads\/2021\/06\/WhatsApp-Image-2021-05-13-at-11.03.49.jpeg\" \/>\n\t<meta property=\"og:image:width\" content=\"899\" \/>\n\t<meta property=\"og:image:height\" content=\"1599\" \/>\n\t<meta property=\"og:image:type\" content=\"image\/jpeg\" \/>\n<meta name=\"author\" content=\"Mat\u00edas Cluet\" \/>\n<meta name=\"twitter:card\" content=\"summary_large_image\" \/>\n<meta name=\"twitter:creator\" content=\"@cimsentmenat\" \/>\n<meta name=\"twitter:site\" content=\"@cimsentmenat\" \/>\n<meta name=\"twitter:label1\" content=\"Escrit per\" \/>\n\t<meta name=\"twitter:data1\" content=\"Mat\u00edas Cluet\" \/>\n\t<meta name=\"twitter:label2\" content=\"Temps estimat de lectura\" \/>\n\t<meta name=\"twitter:data2\" content=\"1 minut\" \/>\n<script type=\"application\/ld+json\" class=\"yoast-schema-graph\">{\"@context\":\"https:\\\/\\\/schema.org\",\"@graph\":[{\"@type\":\"Article\",\"@id\":\"https:\\\/\\\/colegiocim.es\\\/ca\\\/nostra-senyora-de-fatima\\\/#article\",\"isPartOf\":{\"@id\":\"https:\\\/\\\/colegiocim.es\\\/ca\\\/nostra-senyora-de-fatima\\\/\"},\"author\":{\"name\":\"Mat\u00edas Cluet\",\"@id\":\"https:\\\/\\\/colegiocim.es\\\/#\\\/schema\\\/person\\\/26aab585685805d0acbea8a5646e314e\"},\"headline\":\"Nostra Senyora de F\u00e0tima\",\"datePublished\":\"2021-05-24T10:53:00+00:00\",\"dateModified\":\"2021-06-14T10:59:16+00:00\",\"mainEntityOfPage\":{\"@id\":\"https:\\\/\\\/colegiocim.es\\\/ca\\\/nostra-senyora-de-fatima\\\/\"},\"wordCount\":167,\"commentCount\":0,\"publisher\":{\"@id\":\"https:\\\/\\\/colegiocim.es\\\/#organization\"},\"image\":{\"@id\":\"https:\\\/\\\/colegiocim.es\\\/ca\\\/nostra-senyora-de-fatima\\\/#primaryimage\"},\"thumbnailUrl\":\"https:\\\/\\\/colegiocim.es\\\/wp-content\\\/uploads\\\/2021\\\/06\\\/WhatsApp-Image-2021-05-13-at-11.03.49.jpeg\",\"articleSection\":[\"Religioses - General\"],\"inLanguage\":\"ca\",\"potentialAction\":[{\"@type\":\"CommentAction\",\"name\":\"Comment\",\"target\":[\"https:\\\/\\\/colegiocim.es\\\/ca\\\/nostra-senyora-de-fatima\\\/#respond\"]}]},{\"@type\":\"WebPage\",\"@id\":\"https:\\\/\\\/colegiocim.es\\\/ca\\\/nostra-senyora-de-fatima\\\/\",\"url\":\"https:\\\/\\\/colegiocim.es\\\/ca\\\/nostra-senyora-de-fatima\\\/\",\"name\":\"Nostra Senyora de F\u00e0tima - Colegio Coraz\u00f3n Inmaculado de Mar\u00eda\",\"isPartOf\":{\"@id\":\"https:\\\/\\\/colegiocim.es\\\/#website\"},\"primaryImageOfPage\":{\"@id\":\"https:\\\/\\\/colegiocim.es\\\/ca\\\/nostra-senyora-de-fatima\\\/#primaryimage\"},\"image\":{\"@id\":\"https:\\\/\\\/colegiocim.es\\\/ca\\\/nostra-senyora-de-fatima\\\/#primaryimage\"},\"thumbnailUrl\":\"https:\\\/\\\/colegiocim.es\\\/wp-content\\\/uploads\\\/2021\\\/06\\\/WhatsApp-Image-2021-05-13-at-11.03.49.jpeg\",\"datePublished\":\"2021-05-24T10:53:00+00:00\",\"dateModified\":\"2021-06-14T10:59:16+00:00\",\"breadcrumb\":{\"@id\":\"https:\\\/\\\/colegiocim.es\\\/ca\\\/nostra-senyora-de-fatima\\\/#breadcrumb\"},\"inLanguage\":\"ca\",\"potentialAction\":[{\"@type\":\"ReadAction\",\"target\":[\"https:\\\/\\\/colegiocim.es\\\/ca\\\/nostra-senyora-de-fatima\\\/\"]}]},{\"@type\":\"ImageObject\",\"inLanguage\":\"ca\",\"@id\":\"https:\\\/\\\/colegiocim.es\\\/ca\\\/nostra-senyora-de-fatima\\\/#primaryimage\",\"url\":\"https:\\\/\\\/colegiocim.es\\\/wp-content\\\/uploads\\\/2021\\\/06\\\/WhatsApp-Image-2021-05-13-at-11.03.49.jpeg\",\"contentUrl\":\"https:\\\/\\\/colegiocim.es\\\/wp-content\\\/uploads\\\/2021\\\/06\\\/WhatsApp-Image-2021-05-13-at-11.03.49.jpeg\",\"width\":899,\"height\":1599},{\"@type\":\"BreadcrumbList\",\"@id\":\"https:\\\/\\\/colegiocim.es\\\/ca\\\/nostra-senyora-de-fatima\\\/#breadcrumb\",\"itemListElement\":[{\"@type\":\"ListItem\",\"position\":1,\"name\":\"Portada\",\"item\":\"https:\\\/\\\/colegiocim.es\\\/ca\\\/\"},{\"@type\":\"ListItem\",\"position\":2,\"name\":\"Nostra Senyora de F\u00e0tima\"}]},{\"@type\":\"WebSite\",\"@id\":\"https:\\\/\\\/colegiocim.es\\\/#website\",\"url\":\"https:\\\/\\\/colegiocim.es\\\/\",\"name\":\"Colegio Coraz\u00f3n Inmaculado de Mar\u00eda\",\"description\":\"Colegio privado cat\u00f3lico en Sentmenat\",\"publisher\":{\"@id\":\"https:\\\/\\\/colegiocim.es\\\/#organization\"},\"potentialAction\":[{\"@type\":\"SearchAction\",\"target\":{\"@type\":\"EntryPoint\",\"urlTemplate\":\"https:\\\/\\\/colegiocim.es\\\/?s={search_term_string}\"},\"query-input\":{\"@type\":\"PropertyValueSpecification\",\"valueRequired\":true,\"valueName\":\"search_term_string\"}}],\"inLanguage\":\"ca\"},{\"@type\":\"Organization\",\"@id\":\"https:\\\/\\\/colegiocim.es\\\/#organization\",\"name\":\"Colegio Coraz\u00f3n Inmaculado de Mar\u00eda\",\"url\":\"https:\\\/\\\/colegiocim.es\\\/\",\"logo\":{\"@type\":\"ImageObject\",\"inLanguage\":\"ca\",\"@id\":\"https:\\\/\\\/colegiocim.es\\\/#\\\/schema\\\/logo\\\/image\\\/\",\"url\":\"https:\\\/\\\/www.colegiocim.es\\\/wp-content\\\/uploads\\\/2021\\\/03\\\/CCIM-ESP.png\",\"contentUrl\":\"https:\\\/\\\/www.colegiocim.es\\\/wp-content\\\/uploads\\\/2021\\\/03\\\/CCIM-ESP.png\",\"width\":357,\"height\":86,\"caption\":\"Colegio Coraz\u00f3n Inmaculado de Mar\u00eda\"},\"image\":{\"@id\":\"https:\\\/\\\/colegiocim.es\\\/#\\\/schema\\\/logo\\\/image\\\/\"},\"sameAs\":[\"https:\\\/\\\/facebook.com\\\/colegiocim\",\"https:\\\/\\\/x.com\\\/cimsentmenat\"]},{\"@type\":\"Person\",\"@id\":\"https:\\\/\\\/colegiocim.es\\\/#\\\/schema\\\/person\\\/26aab585685805d0acbea8a5646e314e\",\"name\":\"Mat\u00edas Cluet\",\"image\":{\"@type\":\"ImageObject\",\"inLanguage\":\"ca\",\"@id\":\"https:\\\/\\\/secure.gravatar.com\\\/avatar\\\/88fd60871505f232c9f0dddada52105c10879f0d1617a2be55fb2ca57f73c135?s=96&d=mm&r=g\",\"url\":\"https:\\\/\\\/secure.gravatar.com\\\/avatar\\\/88fd60871505f232c9f0dddada52105c10879f0d1617a2be55fb2ca57f73c135?s=96&d=mm&r=g\",\"contentUrl\":\"https:\\\/\\\/secure.gravatar.com\\\/avatar\\\/88fd60871505f232c9f0dddada52105c10879f0d1617a2be55fb2ca57f73c135?s=96&d=mm&r=g\",\"caption\":\"Mat\u00edas Cluet\"}}]}<\/script>\n<!-- \/ Yoast SEO plugin. -->","yoast_head_json":{"title":"Nostra Senyora de F\u00e0tima - Colegio Coraz\u00f3n Inmaculado de Mar\u00eda","robots":{"index":"noindex","follow":"follow"},"og_locale":"ca_ES","og_type":"article","og_title":"Nostra Senyora de F\u00e0tima - Colegio Coraz\u00f3n Inmaculado de Mar\u00eda","og_description":"El nostre col\u00b7legi s&#8217;ha vestit de color per les diferents activitats en honor a La nostra Mare en aquest temps dedicat a ella. Primerament, aprofitant la festivitat de Nostra Senyora de F\u00e0tima, hem entronitzat en un lloc c\u00e8ntric de la nostra escola, una imatge de la Patrona del Col\u00b7legi perqu\u00e8 presideixi la nostra tasca educativa. [&hellip;]","og_url":"https:\/\/colegiocim.es\/ca\/nostra-senyora-de-fatima\/","og_site_name":"Colegio Coraz\u00f3n Inmaculado de Mar\u00eda","article_publisher":"https:\/\/facebook.com\/colegiocim","article_published_time":"2021-05-24T10:53:00+00:00","article_modified_time":"2021-06-14T10:59:16+00:00","og_image":[{"width":899,"height":1599,"url":"https:\/\/colegiocim.es\/wp-content\/uploads\/2021\/06\/WhatsApp-Image-2021-05-13-at-11.03.49.jpeg","type":"image\/jpeg"}],"author":"Mat\u00edas Cluet","twitter_card":"summary_large_image","twitter_creator":"@cimsentmenat","twitter_site":"@cimsentmenat","twitter_misc":{"Escrit per":"Mat\u00edas Cluet","Temps estimat de lectura":"1 minut"},"schema":{"@context":"https:\/\/schema.org","@graph":[{"@type":"Article","@id":"https:\/\/colegiocim.es\/ca\/nostra-senyora-de-fatima\/#article","isPartOf":{"@id":"https:\/\/colegiocim.es\/ca\/nostra-senyora-de-fatima\/"},"author":{"name":"Mat\u00edas Cluet","@id":"https:\/\/colegiocim.es\/#\/schema\/person\/26aab585685805d0acbea8a5646e314e"},"headline":"Nostra Senyora de F\u00e0tima","datePublished":"2021-05-24T10:53:00+00:00","dateModified":"2021-06-14T10:59:16+00:00","mainEntityOfPage":{"@id":"https:\/\/colegiocim.es\/ca\/nostra-senyora-de-fatima\/"},"wordCount":167,"commentCount":0,"publisher":{"@id":"https:\/\/colegiocim.es\/#organization"},"image":{"@id":"https:\/\/colegiocim.es\/ca\/nostra-senyora-de-fatima\/#primaryimage"},"thumbnailUrl":"https:\/\/colegiocim.es\/wp-content\/uploads\/2021\/06\/WhatsApp-Image-2021-05-13-at-11.03.49.jpeg","articleSection":["Religioses - General"],"inLanguage":"ca","potentialAction":[{"@type":"CommentAction","name":"Comment","target":["https:\/\/colegiocim.es\/ca\/nostra-senyora-de-fatima\/#respond"]}]},{"@type":"WebPage","@id":"https:\/\/colegiocim.es\/ca\/nostra-senyora-de-fatima\/","url":"https:\/\/colegiocim.es\/ca\/nostra-senyora-de-fatima\/","name":"Nostra Senyora de F\u00e0tima - Colegio Coraz\u00f3n Inmaculado de Mar\u00eda","isPartOf":{"@id":"https:\/\/colegiocim.es\/#website"},"primaryImageOfPage":{"@id":"https:\/\/colegiocim.es\/ca\/nostra-senyora-de-fatima\/#primaryimage"},"image":{"@id":"https:\/\/colegiocim.es\/ca\/nostra-senyora-de-fatima\/#primaryimage"},"thumbnailUrl":"https:\/\/colegiocim.es\/wp-content\/uploads\/2021\/06\/WhatsApp-Image-2021-05-13-at-11.03.49.jpeg","datePublished":"2021-05-24T10:53:00+00:00","dateModified":"2021-06-14T10:59:16+00:00","breadcrumb":{"@id":"https:\/\/colegiocim.es\/ca\/nostra-senyora-de-fatima\/#breadcrumb"},"inLanguage":"ca","potentialAction":[{"@type":"ReadAction","target":["https:\/\/colegiocim.es\/ca\/nostra-senyora-de-fatima\/"]}]},{"@type":"ImageObject","inLanguage":"ca","@id":"https:\/\/colegiocim.es\/ca\/nostra-senyora-de-fatima\/#primaryimage","url":"https:\/\/colegiocim.es\/wp-content\/uploads\/2021\/06\/WhatsApp-Image-2021-05-13-at-11.03.49.jpeg","contentUrl":"https:\/\/colegiocim.es\/wp-content\/uploads\/2021\/06\/WhatsApp-Image-2021-05-13-at-11.03.49.jpeg","width":899,"height":1599},{"@type":"BreadcrumbList","@id":"https:\/\/colegiocim.es\/ca\/nostra-senyora-de-fatima\/#breadcrumb","itemListElement":[{"@type":"ListItem","position":1,"name":"Portada","item":"https:\/\/colegiocim.es\/ca\/"},{"@type":"ListItem","position":2,"name":"Nostra Senyora de F\u00e0tima"}]},{"@type":"WebSite","@id":"https:\/\/colegiocim.es\/#website","url":"https:\/\/colegiocim.es\/","name":"Colegio Coraz\u00f3n Inmaculado de Mar\u00eda","description":"Colegio privado cat\u00f3lico en Sentmenat","publisher":{"@id":"https:\/\/colegiocim.es\/#organization"},"potentialAction":[{"@type":"SearchAction","target":{"@type":"EntryPoint","urlTemplate":"https:\/\/colegiocim.es\/?s={search_term_string}"},"query-input":{"@type":"PropertyValueSpecification","valueRequired":true,"valueName":"search_term_string"}}],"inLanguage":"ca"},{"@type":"Organization","@id":"https:\/\/colegiocim.es\/#organization","name":"Colegio Coraz\u00f3n Inmaculado de Mar\u00eda","url":"https:\/\/colegiocim.es\/","logo":{"@type":"ImageObject","inLanguage":"ca","@id":"https:\/\/colegiocim.es\/#\/schema\/logo\/image\/","url":"https:\/\/www.colegiocim.es\/wp-content\/uploads\/2021\/03\/CCIM-ESP.png","contentUrl":"https:\/\/www.colegiocim.es\/wp-content\/uploads\/2021\/03\/CCIM-ESP.png","width":357,"height":86,"caption":"Colegio Coraz\u00f3n Inmaculado de Mar\u00eda"},"image":{"@id":"https:\/\/colegiocim.es\/#\/schema\/logo\/image\/"},"sameAs":["https:\/\/facebook.com\/colegiocim","https:\/\/x.com\/cimsentmenat"]},{"@type":"Person","@id":"https:\/\/colegiocim.es\/#\/schema\/person\/26aab585685805d0acbea8a5646e314e","name":"Mat\u00edas Cluet","image":{"@type":"ImageObject","inLanguage":"ca","@id":"https:\/\/secure.gravatar.com\/avatar\/88fd60871505f232c9f0dddada52105c10879f0d1617a2be55fb2ca57f73c135?s=96&d=mm&r=g","url":"https:\/\/secure.gravatar.com\/avatar\/88fd60871505f232c9f0dddada52105c10879f0d1617a2be55fb2ca57f73c135?s=96&d=mm&r=g","contentUrl":"https:\/\/secure.gravatar.com\/avatar\/88fd60871505f232c9f0dddada52105c10879f0d1617a2be55fb2ca57f73c135?s=96&d=mm&r=g","caption":"Mat\u00edas Cluet"}}]}},"_links":{"self":[{"href":"https:\/\/colegiocim.es\/ca\/wp-json\/wp\/v2\/posts\/1909","targetHints":{"allow":["GET"]}}],"collection":[{"href":"https:\/\/colegiocim.es\/ca\/wp-json\/wp\/v2\/posts"}],"about":[{"href":"https:\/\/colegiocim.es\/ca\/wp-json\/wp\/v2\/types\/post"}],"author":[{"embeddable":true,"href":"https:\/\/colegiocim.es\/ca\/wp-json\/wp\/v2\/users\/6"}],"replies":[{"embeddable":true,"href":"https:\/\/colegiocim.es\/ca\/wp-json\/wp\/v2\/comments?post=1909"}],"version-history":[{"count":0,"href":"https:\/\/colegiocim.es\/ca\/wp-json\/wp\/v2\/posts\/1909\/revisions"}],"wp:featuredmedia":[{"embeddable":true,"href":"https:\/\/colegiocim.es\/ca\/wp-json\/wp\/v2\/media\/1907"}],"wp:attachment":[{"href":"https:\/\/colegiocim.es\/ca\/wp-json\/wp\/v2\/media?parent=1909"}],"wp:term":[{"taxonomy":"category","embeddable":true,"href":"https:\/\/colegiocim.es\/ca\/wp-json\/wp\/v2\/categories?post=1909"},{"taxonomy":"post_tag","embeddable":true,"href":"https:\/\/colegiocim.es\/ca\/wp-json\/wp\/v2\/tags?post=1909"}],"curies":[{"name":"wp","href":"https:\/\/api.w.org\/{rel}","templated":true}]}}