{"id":4194,"date":"2025-02-01T16:25:45","date_gmt":"2025-02-01T15:25:45","guid":{"rendered":"https:\/\/colegiocim.es\/?p=4194"},"modified":"2025-02-01T17:20:00","modified_gmt":"2025-02-01T16:20:00","slug":"hoy-es-primer-sabado-de-mes","status":"publish","type":"post","link":"https:\/\/colegiocim.es\/ca\/hoy-es-primer-sabado-de-mes\/","title":{"rendered":"Avui \u00e9s Primer Dissabte de mes"},"content":{"rendered":"\t\t<div data-elementor-type=\"wp-post\" data-elementor-id=\"4194\" class=\"elementor elementor-4194\" data-elementor-post-type=\"post\">\n\t\t\t\t\t\t<section class=\"elementor-section elementor-top-section elementor-element elementor-element-c59757f elementor-section-boxed elementor-section-height-default elementor-section-height-default\" data-id=\"c59757f\" data-element_type=\"section\" data-e-type=\"section\">\n\t\t\t\t\t\t<div class=\"elementor-container elementor-column-gap-default\">\n\t\t\t\t\t<div class=\"elementor-column elementor-col-100 elementor-top-column elementor-element elementor-element-c6b4fdd\" data-id=\"c6b4fdd\" data-element_type=\"column\" data-e-type=\"column\">\n\t\t\t<div class=\"elementor-widget-wrap elementor-element-populated\">\n\t\t\t\t\t\t<div class=\"elementor-element elementor-element-311dd05 elementor-widget elementor-widget-text-editor\" data-id=\"311dd05\" data-element_type=\"widget\" data-e-type=\"widget\" data-widget_type=\"text-editor.default\">\n\t\t\t\t<div class=\"elementor-widget-container\">\n\t\t\t\t\t\t\t\t\t<p>A F\u00e0tima, Nostra Senyora va anunciar que vindria a demanar la Comuni\u00f3 reparadora dels primers dissabtes de mes. Aquesta petici\u00f3 es va fer efectiva el 10 de desembre de 1925.<\/p><p>Aquest any es compleix el primer centenari!<\/p><p>Va tenir lloc al monestir de Santa Dorotea, a Tuy (Pontevedra), on es trobava Sor Luc\u00eda.<\/p><h2>\u00bfEn qu\u00e8 consisteix aquesta devoci\u00f3?<\/h2><p>Atenent la petici\u00f3 de la Mare de D\u00e9u, els seus fidels devots la podem consolar complint durant cinc primers dissabtes de mes consecutius els requisits seg\u00fcents:<\/p><ul><li>Confessi\u00f3 (preferentment aquell mateix dia).<\/li><li>Assistir a la Santa Missa, rebent la Sagrada Comuni\u00f3 amb intenci\u00f3 de reparar les ofenses contra el Cor Immaculat de Maria.<\/li><li>Resar el Sant Rosari.<\/li><li>Acompanyar la Mare de D\u00e9u almenys quinze minuts, meditant els misteris del Rosari.<\/li><\/ul><h2>Per qu\u00e8 en dissabte?<\/h2><p>Sant Tom\u00e0s d&#8217;Aquino deia que el dissabte seg\u00fcent al Divendres Sant, l&#8217;\u00fanica que va romandre ferma en la seva fe va ser Maria, i per aix\u00f2 l&#8217;Esgl\u00e9sia, per honrar-la, li dedica aquest dia.<\/p><h2>Promeses vinculades a aquesta devoci\u00f3<\/h2><p>La nostra Senyora va realitzar una significativa promesa: \u00abMira, filla meva, el meu Cor, ple d&#8217;espines que els homes ingrats em claven cont\u00ednuament amb blasf\u00e8mies i ingratituds. Tu, almenys, procura consolar-me i digues que tots aquells que, durant cinc mesos, al Primer Dissabte, es confessin, rebin la Sagrada Comuni\u00f3, resin el Rosari i em facin quinze minuts de companyia, meditant als quinze misteris del Rosari, amb la finalitat de desgreujar-me, Jo prometo assistir-los a l&#8217;hora de la mort amb totes les gr\u00e0cies necess\u00e0ries per a la salvaci\u00f3 d&#8217;aquestes \u00e0nimes\u00bb. Tot i aix\u00f2, <strong>la ra\u00f3 principal d&#8217;aquesta devoci\u00f3 ha de ser el desig de consolar el Cor Immaculat de Maria<\/strong> a trav\u00e9s de la reparaci\u00f3 i el desig d&#8217;agradar m\u00e9s i millor al Senyor.<\/p>\t\t\t\t\t\t\t\t<\/div>\n\t\t\t\t<\/div>\n\t\t\t\t\t<\/div>\n\t\t<\/div>\n\t\t\t\t\t<\/div>\n\t\t<\/section>\n\t\t\t\t<\/div>\n\t\t","protected":false},"excerpt":{"rendered":"<p>En F\u00e1tima, Nuestra Se\u00f1ora anunci\u00f3 que vendr\u00eda a pedir la Comuni\u00f3n reparadora de los primeros s\u00e1bados de mes, por ser el s\u00e1bado el d\u00eda en que, desde siglos atr\u00e1s, se honraba a la Sant\u00edsima Virgen. Pero no fue hasta el 10 de diciembre de 1925 que se cumpli\u00f3 aquel anuncio. Tuvo lugar en el monasterio de Santa Dorotea, en Tuy (Pontevedra), donde se encontraba Sor Luc\u00eda.<br \/>\n\u00bfEn qu\u00e9 consiste esta devoci\u00f3n?<br \/>\nAtendiendo a la petici\u00f3n de Nuestra Se\u00f1ora, sus fieles devotos podemos consolarla cumpliendo durante cinco primeros s\u00e1bados de mes consecutivos los siguientes requisitos:<br \/>\n\u2022\tConfesi\u00f3n (preferentemente ese mismo d\u00eda).<br \/>\n\u2022\tAsistir a la Santa Misa, recibiendo la Sagrada Comuni\u00f3n con intenci\u00f3n de reparar las ofensas contra el Coraz\u00f3n Inmaculado de Mar\u00eda.<br \/>\n\u2022\tRezo del Santo Rosario.<br \/>\n\u2022\tAcompa\u00f1ar a Nuestra Se\u00f1ora al menos quince minutos, meditando los misterios del Rosario.<br \/>\n\u00bfPor qu\u00e9 en s\u00e1bado?<br \/>\nSanto Tom\u00e1s de Aquino dec\u00eda que el s\u00e1bado siguiente al Viernes Santo, la \u00fanica que permaneci\u00f3 firme en su fe fue Mar\u00eda, y por eso la Iglesia, para honrarla, le dedica ese d\u00eda.<br \/>\nPromesas vinculadas a esta devoci\u00f3n<br \/>\nNuestra Se\u00f1ora realiz\u00f3 una significativa promesa:<br \/>\n\u00abMira, hija m\u00eda, mi Coraz\u00f3n, cercado de espinas que los hombres ingratos me clavan continuamente con blasfemias e ingratitudes. T\u00fa, al menos, procura consolarme y di que todos aquellos que, durante cinco meses, en el Primer S\u00e1bado, se confiesen, reciban la Sagrada Comuni\u00f3n, recen el Rosario y me hagan quince minutos de compa\u00f1\u00eda, meditando en los quince misterios del Rosario, con el fin de desagraviarme, Yo prometo asistirles en la hora de la muerte con todas las gracias necesarias para la salvaci\u00f3n de estas almas\u00bb.<br \/>\nSin embargo, la raz\u00f3n principal de esta devoci\u00f3n debe ser el deseo de consolar al Coraz\u00f3n Inmaculado de Mar\u00eda a trav\u00e9s de la reparaci\u00f3n y el deseo de agradar m\u00e1s y mejor al Se\u00f1or. <\/p>\n","protected":false},"author":7,"featured_media":4196,"comment_status":"open","ping_status":"open","sticky":false,"template":"","format":"standard","meta":{"footnotes":""},"categories":[2],"tags":[],"class_list":["post-4194","post","type-post","status-publish","format-standard","has-post-thumbnail","hentry","category-sense-categoria"],"yoast_head":"<!-- This site is optimized with the Yoast SEO plugin v27.5 - https:\/\/yoast.com\/product\/yoast-seo-wordpress\/ -->\n<title>Avui \u00e9s Primer Dissabte de mes - Colegio Coraz\u00f3n Inmaculado de Mar\u00eda<\/title>\n<meta name=\"robots\" content=\"noindex, follow\" \/>\n<meta property=\"og:locale\" content=\"ca_ES\" \/>\n<meta property=\"og:type\" content=\"article\" \/>\n<meta property=\"og:title\" content=\"Avui \u00e9s Primer Dissabte de mes - Colegio Coraz\u00f3n Inmaculado de Mar\u00eda\" \/>\n<meta property=\"og:description\" content=\"En F\u00e1tima, Nuestra Se\u00f1ora anunci\u00f3 que vendr\u00eda a pedir la Comuni\u00f3n reparadora de los primeros s\u00e1bados de mes, por ser el s\u00e1bado el d\u00eda en que, desde siglos atr\u00e1s, se honraba a la Sant\u00edsima Virgen. Pero no fue hasta el 10 de diciembre de 1925 que se cumpli\u00f3 aquel anuncio. Tuvo lugar en el monasterio de Santa Dorotea, en Tuy (Pontevedra), donde se encontraba Sor Luc\u00eda. \u00bfEn qu\u00e9 consiste esta devoci\u00f3n? Atendiendo a la petici\u00f3n de Nuestra Se\u00f1ora, sus fieles devotos podemos consolarla cumpliendo durante cinco primeros s\u00e1bados de mes consecutivos los siguientes requisitos: \u2022 Confesi\u00f3n (preferentemente ese mismo d\u00eda). \u2022 Asistir a la Santa Misa, recibiendo la Sagrada Comuni\u00f3n con intenci\u00f3n de reparar las ofensas contra el Coraz\u00f3n Inmaculado de Mar\u00eda. \u2022 Rezo del Santo Rosario. \u2022 Acompa\u00f1ar a Nuestra Se\u00f1ora al menos quince minutos, meditando los misterios del Rosario. \u00bfPor qu\u00e9 en s\u00e1bado? Santo Tom\u00e1s de Aquino dec\u00eda que el s\u00e1bado siguiente al Viernes Santo, la \u00fanica que permaneci\u00f3 firme en su fe fue Mar\u00eda, y por eso la Iglesia, para honrarla, le dedica ese d\u00eda. Promesas vinculadas a esta devoci\u00f3n Nuestra Se\u00f1ora realiz\u00f3 una significativa promesa: \u00abMira, hija m\u00eda, mi Coraz\u00f3n, cercado de espinas que los hombres ingratos me clavan continuamente con blasfemias e ingratitudes. T\u00fa, al menos, procura consolarme y di que todos aquellos que, durante cinco meses, en el Primer S\u00e1bado, se confiesen, reciban la Sagrada Comuni\u00f3n, recen el Rosario y me hagan quince minutos de compa\u00f1\u00eda, meditando en los quince misterios del Rosario, con el fin de desagraviarme, Yo prometo asistirles en la hora de la muerte con todas las gracias necesarias para la salvaci\u00f3n de estas almas\u00bb. Sin embargo, la raz\u00f3n principal de esta devoci\u00f3n debe ser el deseo de consolar al Coraz\u00f3n Inmaculado de Mar\u00eda a trav\u00e9s de la reparaci\u00f3n y el deseo de agradar m\u00e1s y mejor al Se\u00f1or.\" \/>\n<meta property=\"og:url\" content=\"https:\/\/colegiocim.es\/ca\/hoy-es-primer-sabado-de-mes\/\" \/>\n<meta property=\"og:site_name\" content=\"Colegio Coraz\u00f3n Inmaculado de Mar\u00eda\" \/>\n<meta property=\"article:publisher\" content=\"https:\/\/facebook.com\/colegiocim\" \/>\n<meta property=\"article:published_time\" content=\"2025-02-01T15:25:45+00:00\" \/>\n<meta property=\"article:modified_time\" content=\"2025-02-01T16:20:00+00:00\" \/>\n<meta property=\"og:image\" content=\"https:\/\/colegiocim.es\/wp-content\/uploads\/2025\/02\/virgen-de-fatima.jpg\" \/>\n\t<meta property=\"og:image:width\" content=\"600\" \/>\n\t<meta property=\"og:image:height\" content=\"338\" \/>\n\t<meta property=\"og:image:type\" content=\"image\/jpeg\" \/>\n<meta name=\"author\" content=\"P. Serra\" \/>\n<meta name=\"twitter:card\" content=\"summary_large_image\" \/>\n<meta name=\"twitter:creator\" content=\"@cimsentmenat\" \/>\n<meta name=\"twitter:site\" content=\"@cimsentmenat\" \/>\n<meta name=\"twitter:label1\" content=\"Escrit per\" \/>\n\t<meta name=\"twitter:data1\" content=\"P. Serra\" \/>\n\t<meta name=\"twitter:label2\" content=\"Temps estimat de lectura\" \/>\n\t<meta name=\"twitter:data2\" content=\"2 minuts\" \/>\n<script type=\"application\/ld+json\" class=\"yoast-schema-graph\">{\"@context\":\"https:\\\/\\\/schema.org\",\"@graph\":[{\"@type\":\"Article\",\"@id\":\"https:\\\/\\\/colegiocim.es\\\/ca\\\/hoy-es-primer-sabado-de-mes\\\/#article\",\"isPartOf\":{\"@id\":\"https:\\\/\\\/colegiocim.es\\\/ca\\\/hoy-es-primer-sabado-de-mes\\\/\"},\"author\":{\"name\":\"P. Serra\",\"@id\":\"https:\\\/\\\/colegiocim.es\\\/#\\\/schema\\\/person\\\/4db1b5cf9e57bb985e019b0738d740c4\"},\"headline\":\"Avui \u00e9s Primer Dissabte de mes\",\"datePublished\":\"2025-02-01T15:25:45+00:00\",\"dateModified\":\"2025-02-01T16:20:00+00:00\",\"mainEntityOfPage\":{\"@id\":\"https:\\\/\\\/colegiocim.es\\\/ca\\\/hoy-es-primer-sabado-de-mes\\\/\"},\"wordCount\":311,\"commentCount\":0,\"publisher\":{\"@id\":\"https:\\\/\\\/colegiocim.es\\\/#organization\"},\"image\":{\"@id\":\"https:\\\/\\\/colegiocim.es\\\/ca\\\/hoy-es-primer-sabado-de-mes\\\/#primaryimage\"},\"thumbnailUrl\":\"https:\\\/\\\/colegiocim.es\\\/wp-content\\\/uploads\\\/2025\\\/02\\\/virgen-de-fatima.jpg\",\"inLanguage\":\"ca\",\"potentialAction\":[{\"@type\":\"CommentAction\",\"name\":\"Comment\",\"target\":[\"https:\\\/\\\/colegiocim.es\\\/ca\\\/hoy-es-primer-sabado-de-mes\\\/#respond\"]}]},{\"@type\":\"WebPage\",\"@id\":\"https:\\\/\\\/colegiocim.es\\\/ca\\\/hoy-es-primer-sabado-de-mes\\\/\",\"url\":\"https:\\\/\\\/colegiocim.es\\\/ca\\\/hoy-es-primer-sabado-de-mes\\\/\",\"name\":\"Avui \u00e9s Primer Dissabte de mes - Colegio Coraz\u00f3n Inmaculado de Mar\u00eda\",\"isPartOf\":{\"@id\":\"https:\\\/\\\/colegiocim.es\\\/#website\"},\"primaryImageOfPage\":{\"@id\":\"https:\\\/\\\/colegiocim.es\\\/ca\\\/hoy-es-primer-sabado-de-mes\\\/#primaryimage\"},\"image\":{\"@id\":\"https:\\\/\\\/colegiocim.es\\\/ca\\\/hoy-es-primer-sabado-de-mes\\\/#primaryimage\"},\"thumbnailUrl\":\"https:\\\/\\\/colegiocim.es\\\/wp-content\\\/uploads\\\/2025\\\/02\\\/virgen-de-fatima.jpg\",\"datePublished\":\"2025-02-01T15:25:45+00:00\",\"dateModified\":\"2025-02-01T16:20:00+00:00\",\"breadcrumb\":{\"@id\":\"https:\\\/\\\/colegiocim.es\\\/ca\\\/hoy-es-primer-sabado-de-mes\\\/#breadcrumb\"},\"inLanguage\":\"ca\",\"potentialAction\":[{\"@type\":\"ReadAction\",\"target\":[\"https:\\\/\\\/colegiocim.es\\\/ca\\\/hoy-es-primer-sabado-de-mes\\\/\"]}]},{\"@type\":\"ImageObject\",\"inLanguage\":\"ca\",\"@id\":\"https:\\\/\\\/colegiocim.es\\\/ca\\\/hoy-es-primer-sabado-de-mes\\\/#primaryimage\",\"url\":\"https:\\\/\\\/colegiocim.es\\\/wp-content\\\/uploads\\\/2025\\\/02\\\/virgen-de-fatima.jpg\",\"contentUrl\":\"https:\\\/\\\/colegiocim.es\\\/wp-content\\\/uploads\\\/2025\\\/02\\\/virgen-de-fatima.jpg\",\"width\":600,\"height\":338},{\"@type\":\"BreadcrumbList\",\"@id\":\"https:\\\/\\\/colegiocim.es\\\/ca\\\/hoy-es-primer-sabado-de-mes\\\/#breadcrumb\",\"itemListElement\":[{\"@type\":\"ListItem\",\"position\":1,\"name\":\"Portada\",\"item\":\"https:\\\/\\\/colegiocim.es\\\/ca\\\/\"},{\"@type\":\"ListItem\",\"position\":2,\"name\":\"Avui \u00e9s Primer Dissabte de mes\"}]},{\"@type\":\"WebSite\",\"@id\":\"https:\\\/\\\/colegiocim.es\\\/#website\",\"url\":\"https:\\\/\\\/colegiocim.es\\\/\",\"name\":\"Colegio Coraz\u00f3n Inmaculado de Mar\u00eda\",\"description\":\"Colegio privado cat\u00f3lico en Sentmenat\",\"publisher\":{\"@id\":\"https:\\\/\\\/colegiocim.es\\\/#organization\"},\"potentialAction\":[{\"@type\":\"SearchAction\",\"target\":{\"@type\":\"EntryPoint\",\"urlTemplate\":\"https:\\\/\\\/colegiocim.es\\\/?s={search_term_string}\"},\"query-input\":{\"@type\":\"PropertyValueSpecification\",\"valueRequired\":true,\"valueName\":\"search_term_string\"}}],\"inLanguage\":\"ca\"},{\"@type\":\"Organization\",\"@id\":\"https:\\\/\\\/colegiocim.es\\\/#organization\",\"name\":\"Colegio Coraz\u00f3n Inmaculado de Mar\u00eda\",\"url\":\"https:\\\/\\\/colegiocim.es\\\/\",\"logo\":{\"@type\":\"ImageObject\",\"inLanguage\":\"ca\",\"@id\":\"https:\\\/\\\/colegiocim.es\\\/#\\\/schema\\\/logo\\\/image\\\/\",\"url\":\"https:\\\/\\\/www.colegiocim.es\\\/wp-content\\\/uploads\\\/2021\\\/03\\\/CCIM-ESP.png\",\"contentUrl\":\"https:\\\/\\\/www.colegiocim.es\\\/wp-content\\\/uploads\\\/2021\\\/03\\\/CCIM-ESP.png\",\"width\":357,\"height\":86,\"caption\":\"Colegio Coraz\u00f3n Inmaculado de Mar\u00eda\"},\"image\":{\"@id\":\"https:\\\/\\\/colegiocim.es\\\/#\\\/schema\\\/logo\\\/image\\\/\"},\"sameAs\":[\"https:\\\/\\\/facebook.com\\\/colegiocim\",\"https:\\\/\\\/x.com\\\/cimsentmenat\"]},{\"@type\":\"Person\",\"@id\":\"https:\\\/\\\/colegiocim.es\\\/#\\\/schema\\\/person\\\/4db1b5cf9e57bb985e019b0738d740c4\",\"name\":\"P. Serra\",\"image\":{\"@type\":\"ImageObject\",\"inLanguage\":\"ca\",\"@id\":\"https:\\\/\\\/secure.gravatar.com\\\/avatar\\\/c4465f3a96554bdef6e7c2b2e36c7bc46ccf75462ea0c58df186fb8ed921bde5?s=96&d=mm&r=g\",\"url\":\"https:\\\/\\\/secure.gravatar.com\\\/avatar\\\/c4465f3a96554bdef6e7c2b2e36c7bc46ccf75462ea0c58df186fb8ed921bde5?s=96&d=mm&r=g\",\"contentUrl\":\"https:\\\/\\\/secure.gravatar.com\\\/avatar\\\/c4465f3a96554bdef6e7c2b2e36c7bc46ccf75462ea0c58df186fb8ed921bde5?s=96&d=mm&r=g\",\"caption\":\"P. Serra\"}}]}<\/script>\n<!-- \/ Yoast SEO plugin. -->","yoast_head_json":{"title":"Avui \u00e9s Primer Dissabte de mes - Colegio Coraz\u00f3n Inmaculado de Mar\u00eda","robots":{"index":"noindex","follow":"follow"},"og_locale":"ca_ES","og_type":"article","og_title":"Avui \u00e9s Primer Dissabte de mes - Colegio Coraz\u00f3n Inmaculado de Mar\u00eda","og_description":"En F\u00e1tima, Nuestra Se\u00f1ora anunci\u00f3 que vendr\u00eda a pedir la Comuni\u00f3n reparadora de los primeros s\u00e1bados de mes, por ser el s\u00e1bado el d\u00eda en que, desde siglos atr\u00e1s, se honraba a la Sant\u00edsima Virgen. Pero no fue hasta el 10 de diciembre de 1925 que se cumpli\u00f3 aquel anuncio. Tuvo lugar en el monasterio de Santa Dorotea, en Tuy (Pontevedra), donde se encontraba Sor Luc\u00eda. \u00bfEn qu\u00e9 consiste esta devoci\u00f3n? Atendiendo a la petici\u00f3n de Nuestra Se\u00f1ora, sus fieles devotos podemos consolarla cumpliendo durante cinco primeros s\u00e1bados de mes consecutivos los siguientes requisitos: \u2022 Confesi\u00f3n (preferentemente ese mismo d\u00eda). \u2022 Asistir a la Santa Misa, recibiendo la Sagrada Comuni\u00f3n con intenci\u00f3n de reparar las ofensas contra el Coraz\u00f3n Inmaculado de Mar\u00eda. \u2022 Rezo del Santo Rosario. \u2022 Acompa\u00f1ar a Nuestra Se\u00f1ora al menos quince minutos, meditando los misterios del Rosario. \u00bfPor qu\u00e9 en s\u00e1bado? Santo Tom\u00e1s de Aquino dec\u00eda que el s\u00e1bado siguiente al Viernes Santo, la \u00fanica que permaneci\u00f3 firme en su fe fue Mar\u00eda, y por eso la Iglesia, para honrarla, le dedica ese d\u00eda. Promesas vinculadas a esta devoci\u00f3n Nuestra Se\u00f1ora realiz\u00f3 una significativa promesa: \u00abMira, hija m\u00eda, mi Coraz\u00f3n, cercado de espinas que los hombres ingratos me clavan continuamente con blasfemias e ingratitudes. T\u00fa, al menos, procura consolarme y di que todos aquellos que, durante cinco meses, en el Primer S\u00e1bado, se confiesen, reciban la Sagrada Comuni\u00f3n, recen el Rosario y me hagan quince minutos de compa\u00f1\u00eda, meditando en los quince misterios del Rosario, con el fin de desagraviarme, Yo prometo asistirles en la hora de la muerte con todas las gracias necesarias para la salvaci\u00f3n de estas almas\u00bb. Sin embargo, la raz\u00f3n principal de esta devoci\u00f3n debe ser el deseo de consolar al Coraz\u00f3n Inmaculado de Mar\u00eda a trav\u00e9s de la reparaci\u00f3n y el deseo de agradar m\u00e1s y mejor al Se\u00f1or.","og_url":"https:\/\/colegiocim.es\/ca\/hoy-es-primer-sabado-de-mes\/","og_site_name":"Colegio Coraz\u00f3n Inmaculado de Mar\u00eda","article_publisher":"https:\/\/facebook.com\/colegiocim","article_published_time":"2025-02-01T15:25:45+00:00","article_modified_time":"2025-02-01T16:20:00+00:00","og_image":[{"width":600,"height":338,"url":"https:\/\/colegiocim.es\/wp-content\/uploads\/2025\/02\/virgen-de-fatima.jpg","type":"image\/jpeg"}],"author":"P. Serra","twitter_card":"summary_large_image","twitter_creator":"@cimsentmenat","twitter_site":"@cimsentmenat","twitter_misc":{"Escrit per":"P. Serra","Temps estimat de lectura":"2 minuts"},"schema":{"@context":"https:\/\/schema.org","@graph":[{"@type":"Article","@id":"https:\/\/colegiocim.es\/ca\/hoy-es-primer-sabado-de-mes\/#article","isPartOf":{"@id":"https:\/\/colegiocim.es\/ca\/hoy-es-primer-sabado-de-mes\/"},"author":{"name":"P. Serra","@id":"https:\/\/colegiocim.es\/#\/schema\/person\/4db1b5cf9e57bb985e019b0738d740c4"},"headline":"Avui \u00e9s Primer Dissabte de mes","datePublished":"2025-02-01T15:25:45+00:00","dateModified":"2025-02-01T16:20:00+00:00","mainEntityOfPage":{"@id":"https:\/\/colegiocim.es\/ca\/hoy-es-primer-sabado-de-mes\/"},"wordCount":311,"commentCount":0,"publisher":{"@id":"https:\/\/colegiocim.es\/#organization"},"image":{"@id":"https:\/\/colegiocim.es\/ca\/hoy-es-primer-sabado-de-mes\/#primaryimage"},"thumbnailUrl":"https:\/\/colegiocim.es\/wp-content\/uploads\/2025\/02\/virgen-de-fatima.jpg","inLanguage":"ca","potentialAction":[{"@type":"CommentAction","name":"Comment","target":["https:\/\/colegiocim.es\/ca\/hoy-es-primer-sabado-de-mes\/#respond"]}]},{"@type":"WebPage","@id":"https:\/\/colegiocim.es\/ca\/hoy-es-primer-sabado-de-mes\/","url":"https:\/\/colegiocim.es\/ca\/hoy-es-primer-sabado-de-mes\/","name":"Avui \u00e9s Primer Dissabte de mes - Colegio Coraz\u00f3n Inmaculado de Mar\u00eda","isPartOf":{"@id":"https:\/\/colegiocim.es\/#website"},"primaryImageOfPage":{"@id":"https:\/\/colegiocim.es\/ca\/hoy-es-primer-sabado-de-mes\/#primaryimage"},"image":{"@id":"https:\/\/colegiocim.es\/ca\/hoy-es-primer-sabado-de-mes\/#primaryimage"},"thumbnailUrl":"https:\/\/colegiocim.es\/wp-content\/uploads\/2025\/02\/virgen-de-fatima.jpg","datePublished":"2025-02-01T15:25:45+00:00","dateModified":"2025-02-01T16:20:00+00:00","breadcrumb":{"@id":"https:\/\/colegiocim.es\/ca\/hoy-es-primer-sabado-de-mes\/#breadcrumb"},"inLanguage":"ca","potentialAction":[{"@type":"ReadAction","target":["https:\/\/colegiocim.es\/ca\/hoy-es-primer-sabado-de-mes\/"]}]},{"@type":"ImageObject","inLanguage":"ca","@id":"https:\/\/colegiocim.es\/ca\/hoy-es-primer-sabado-de-mes\/#primaryimage","url":"https:\/\/colegiocim.es\/wp-content\/uploads\/2025\/02\/virgen-de-fatima.jpg","contentUrl":"https:\/\/colegiocim.es\/wp-content\/uploads\/2025\/02\/virgen-de-fatima.jpg","width":600,"height":338},{"@type":"BreadcrumbList","@id":"https:\/\/colegiocim.es\/ca\/hoy-es-primer-sabado-de-mes\/#breadcrumb","itemListElement":[{"@type":"ListItem","position":1,"name":"Portada","item":"https:\/\/colegiocim.es\/ca\/"},{"@type":"ListItem","position":2,"name":"Avui \u00e9s Primer Dissabte de mes"}]},{"@type":"WebSite","@id":"https:\/\/colegiocim.es\/#website","url":"https:\/\/colegiocim.es\/","name":"Colegio Coraz\u00f3n Inmaculado de Mar\u00eda","description":"Colegio privado cat\u00f3lico en Sentmenat","publisher":{"@id":"https:\/\/colegiocim.es\/#organization"},"potentialAction":[{"@type":"SearchAction","target":{"@type":"EntryPoint","urlTemplate":"https:\/\/colegiocim.es\/?s={search_term_string}"},"query-input":{"@type":"PropertyValueSpecification","valueRequired":true,"valueName":"search_term_string"}}],"inLanguage":"ca"},{"@type":"Organization","@id":"https:\/\/colegiocim.es\/#organization","name":"Colegio Coraz\u00f3n Inmaculado de Mar\u00eda","url":"https:\/\/colegiocim.es\/","logo":{"@type":"ImageObject","inLanguage":"ca","@id":"https:\/\/colegiocim.es\/#\/schema\/logo\/image\/","url":"https:\/\/www.colegiocim.es\/wp-content\/uploads\/2021\/03\/CCIM-ESP.png","contentUrl":"https:\/\/www.colegiocim.es\/wp-content\/uploads\/2021\/03\/CCIM-ESP.png","width":357,"height":86,"caption":"Colegio Coraz\u00f3n Inmaculado de Mar\u00eda"},"image":{"@id":"https:\/\/colegiocim.es\/#\/schema\/logo\/image\/"},"sameAs":["https:\/\/facebook.com\/colegiocim","https:\/\/x.com\/cimsentmenat"]},{"@type":"Person","@id":"https:\/\/colegiocim.es\/#\/schema\/person\/4db1b5cf9e57bb985e019b0738d740c4","name":"P. Serra","image":{"@type":"ImageObject","inLanguage":"ca","@id":"https:\/\/secure.gravatar.com\/avatar\/c4465f3a96554bdef6e7c2b2e36c7bc46ccf75462ea0c58df186fb8ed921bde5?s=96&d=mm&r=g","url":"https:\/\/secure.gravatar.com\/avatar\/c4465f3a96554bdef6e7c2b2e36c7bc46ccf75462ea0c58df186fb8ed921bde5?s=96&d=mm&r=g","contentUrl":"https:\/\/secure.gravatar.com\/avatar\/c4465f3a96554bdef6e7c2b2e36c7bc46ccf75462ea0c58df186fb8ed921bde5?s=96&d=mm&r=g","caption":"P. Serra"}}]}},"_links":{"self":[{"href":"https:\/\/colegiocim.es\/ca\/wp-json\/wp\/v2\/posts\/4194","targetHints":{"allow":["GET"]}}],"collection":[{"href":"https:\/\/colegiocim.es\/ca\/wp-json\/wp\/v2\/posts"}],"about":[{"href":"https:\/\/colegiocim.es\/ca\/wp-json\/wp\/v2\/types\/post"}],"author":[{"embeddable":true,"href":"https:\/\/colegiocim.es\/ca\/wp-json\/wp\/v2\/users\/7"}],"replies":[{"embeddable":true,"href":"https:\/\/colegiocim.es\/ca\/wp-json\/wp\/v2\/comments?post=4194"}],"version-history":[{"count":19,"href":"https:\/\/colegiocim.es\/ca\/wp-json\/wp\/v2\/posts\/4194\/revisions"}],"predecessor-version":[{"id":4220,"href":"https:\/\/colegiocim.es\/ca\/wp-json\/wp\/v2\/posts\/4194\/revisions\/4220"}],"wp:featuredmedia":[{"embeddable":true,"href":"https:\/\/colegiocim.es\/ca\/wp-json\/wp\/v2\/media\/4196"}],"wp:attachment":[{"href":"https:\/\/colegiocim.es\/ca\/wp-json\/wp\/v2\/media?parent=4194"}],"wp:term":[{"taxonomy":"category","embeddable":true,"href":"https:\/\/colegiocim.es\/ca\/wp-json\/wp\/v2\/categories?post=4194"},{"taxonomy":"post_tag","embeddable":true,"href":"https:\/\/colegiocim.es\/ca\/wp-json\/wp\/v2\/tags?post=4194"}],"curies":[{"name":"wp","href":"https:\/\/api.w.org\/{rel}","templated":true}]}}